{"id":865,"date":"2022-03-08T01:14:00","date_gmt":"2022-03-08T07:14:00","guid":{"rendered":"https:\/\/www.sonigob.org\/home\/?p=865"},"modified":"2025-03-10T08:11:40","modified_gmt":"2025-03-10T14:11:40","slug":"dia_inter_mujer","status":"publish","type":"post","link":"https:\/\/www.sonigob.org\/home\/dia_inter_mujer\/","title":{"rendered":"D\u00eda internacional de la Mujer"},"content":{"rendered":"\n<p>Potenciar la igualdad de g\u00e9nero en el contexto de la crisis clim\u00e1tica y la reducci\u00f3n del riesgo de desastres es uno de los mayores desaf\u00edos mundiales del siglo XXI.<br>Las mujeres y las ni\u00f1as son l\u00edderes eficaces y poderosas que impulsan el cambio para lograr la mitigaci\u00f3n y la adaptaci\u00f3n clim\u00e1ticas. Se implican en iniciativas sostenibles en todo el mundo y su participaci\u00f3n y liderazgo generan una acci\u00f3n por el clima m\u00e1s eficaz.<\/p>\n\n\n\n<div class=\"wp-block-image\"><figure class=\"aligncenter size-large\"><img decoding=\"async\" width=\"1024\" height=\"1012\" src=\"https:\/\/www.sonigob.org\/home\/wp-content\/uploads\/2022\/05\/275116772_498009958405156_5592186000245627876_n-1024x1012.jpeg\" alt=\"\" class=\"wp-image-866\" srcset=\"https:\/\/www.sonigob.org\/home\/wp-content\/uploads\/2022\/05\/275116772_498009958405156_5592186000245627876_n-1024x1012.jpeg 1024w, https:\/\/www.sonigob.org\/home\/wp-content\/uploads\/2022\/05\/275116772_498009958405156_5592186000245627876_n-300x296.jpeg 300w, https:\/\/www.sonigob.org\/home\/wp-content\/uploads\/2022\/05\/275116772_498009958405156_5592186000245627876_n-768x759.jpeg 768w, https:\/\/www.sonigob.org\/home\/wp-content\/uploads\/2022\/05\/275116772_498009958405156_5592186000245627876_n-1536x1518.jpeg 1536w, https:\/\/www.sonigob.org\/home\/wp-content\/uploads\/2022\/05\/275116772_498009958405156_5592186000245627876_n.jpeg 1920w\" sizes=\"(max-width: 1024px) 100vw, 1024px\" \/><\/figure><\/div>\n","protected":false},"excerpt":{"rendered":"<p>Potenciar la igualdad de g\u00e9nero en el contexto de la crisis clim\u00e1tica y la reducci\u00f3n del riesgo de desastres es<\/p>\n<p><a href=\"https:\/\/www.sonigob.org\/home\/dia_inter_mujer\/\" class=\"more-link\">Continua&#8230;<span class=\"screen-reader-text\">D\u00eda internacional de la Mujer<\/span><\/a><\/p>\n","protected":false},"author":1,"featured_media":866,"comment_status":"closed","ping_status":"closed","sticky":false,"template":"","format":"standard","meta":{"footnotes":""},"categories":[47],"tags":[58,57],"class_list":["post-865","post","type-post","status-publish","format-standard","has-post-thumbnail","hentry","category-ssyr","tag-cambio-climatico","tag-mujer"],"_links":{"self":[{"href":"https:\/\/www.sonigob.org\/home\/wp-json\/wp\/v2\/posts\/865","targetHints":{"allow":["GET"]}}],"collection":[{"href":"https:\/\/www.sonigob.org\/home\/wp-json\/wp\/v2\/posts"}],"about":[{"href":"https:\/\/www.sonigob.org\/home\/wp-json\/wp\/v2\/types\/post"}],"author":[{"embeddable":true,"href":"https:\/\/www.sonigob.org\/home\/wp-json\/wp\/v2\/users\/1"}],"replies":[{"embeddable":true,"href":"https:\/\/www.sonigob.org\/home\/wp-json\/wp\/v2\/comments?post=865"}],"version-history":[{"count":2,"href":"https:\/\/www.sonigob.org\/home\/wp-json\/wp\/v2\/posts\/865\/revisions"}],"predecessor-version":[{"id":869,"href":"https:\/\/www.sonigob.org\/home\/wp-json\/wp\/v2\/posts\/865\/revisions\/869"}],"wp:featuredmedia":[{"embeddable":true,"href":"https:\/\/www.sonigob.org\/home\/wp-json\/wp\/v2\/media\/866"}],"wp:attachment":[{"href":"https:\/\/www.sonigob.org\/home\/wp-json\/wp\/v2\/media?parent=865"}],"wp:term":[{"taxonomy":"category","embeddable":true,"href":"https:\/\/www.sonigob.org\/home\/wp-json\/wp\/v2\/categories?post=865"},{"taxonomy":"post_tag","embeddable":true,"href":"https:\/\/www.sonigob.org\/home\/wp-json\/wp\/v2\/tags?post=865"}],"curies":[{"name":"wp","href":"https:\/\/api.w.org\/{rel}","templated":true}]}}