{"id":2336,"date":"2022-07-30T09:07:00","date_gmt":"2022-07-30T15:07:00","guid":{"rendered":"https:\/\/www.sonigob.org\/home\/?p=2336"},"modified":"2025-03-10T08:10:23","modified_gmt":"2025-03-10T14:10:23","slug":"dr-guillermo-garduno-garcia","status":"publish","type":"post","link":"https:\/\/www.sonigob.org\/home\/dr-guillermo-garduno-garcia\/","title":{"rendered":"Dr. Guillermo Gardu\u00f1o Garc\u00eda"},"content":{"rendered":"<div class=\"wp-block-image\">\n<figure class=\"alignright size-full is-resized\"><img decoding=\"async\" src=\"https:\/\/www.sonigob.org\/home\/wp-content\/uploads\/2023\/03\/dr-guillermo-garduno.jpg\" alt=\"\" class=\"wp-image-2337\" width=\"200\" height=\"200\" srcset=\"https:\/\/www.sonigob.org\/home\/wp-content\/uploads\/2023\/03\/dr-guillermo-garduno.jpg 300w, https:\/\/www.sonigob.org\/home\/wp-content\/uploads\/2023\/03\/dr-guillermo-garduno-150x150.jpg 150w\" sizes=\"(max-width: 200px) 100vw, 200px\" \/><\/figure>\n<\/div>\n\n\n<p><strong>Especialidad<\/strong>: Medicina Materno Fetal<br><strong>Pa\u00eds:&nbsp;<\/strong>M\u00e9xico<\/p>\n\n\n\n<h2 class=\"wp-block-heading\">Educaci\u00f3n superior y especialidad:<\/h2>\n\n\n\n<ul class=\"wp-block-list\"><li>Ginecolog\u00eda y Obstetricia<ul><li>Hospital Central Norte Petr\u00f3leos Mexicanos (PEMEX)<\/li><\/ul><\/li><li>Medicina Materno-Fetal<ul><li>Instituto Nacional de Perinatolog\u00eda (INPer)<\/li><\/ul><\/li><\/ul>\n\n\n\n<h2 class=\"wp-block-heading\">Experiencia laboral:<\/h2>\n\n\n\n<ul class=\"wp-block-list\"><li>M\u00e9dico Adscrito al Hospital Central Norte De Petr\u00f3leos Mexicanos (Pemex)<ul><li>Encargado del Departamento de Embarazo de Alto Riesgo y Diagn\u00f3stico Prenatal<\/li><\/ul><\/li><li>M\u00e9dico Adscrito Al Hospital de Gineco-Obstetricia del Centro M\u00e9dico Nacional La Raza del Instituto Nacional Mexicano del Seguro Social (IMSS)<ul><li>Adscrito Al Servicio de Gineco-Obstetricia<\/li><\/ul><\/li><\/ul>\n\n\n\n<h2 class=\"wp-block-heading\">Asociaciones:<\/h2>\n\n\n\n<ul class=\"wp-block-list\"><li>Consejo Mexicano de Ginecolog\u00eda y Obstetricia<\/li><li>Consejo Mexicano de Medicina Materno Fetal<\/li><\/ul>\n\n\n\n<h2 class=\"wp-block-heading\">Distinciones y publicaciones:<\/h2>\n\n\n\n<ul class=\"wp-block-list\"><li>Diversas publicaciones en revistas nacionales y en revistas indexadas como UOG<\/li><\/ul>\n\n\n<div class=\"wp-block-image\">\n<figure class=\"alignleft size-full is-resized\"><a href=\"https:\/\/www.sonigob.org\/home\/category\/fecasog2023\/conferencistas\/\"><img decoding=\"async\" src=\"https:\/\/www.sonigob.org\/home\/wp-content\/uploads\/2023\/02\/regresar.jpg\" alt=\"\" class=\"wp-image-1889\" width=\"321\" height=\"57\" srcset=\"https:\/\/www.sonigob.org\/home\/wp-content\/uploads\/2023\/02\/regresar.jpg 428w, https:\/\/www.sonigob.org\/home\/wp-content\/uploads\/2023\/02\/regresar-300x53.jpg 300w\" sizes=\"(max-width: 321px) 100vw, 321px\" \/><\/a><\/figure>\n<\/div>","protected":false},"excerpt":{"rendered":"<p>Especialidad: Medicina Materno FetalPa\u00eds:&nbsp;M\u00e9xico Educaci\u00f3n superior y especialidad: Ginecolog\u00eda y Obstetricia Hospital Central Norte Petr\u00f3leos Mexicanos (PEMEX) Medicina Materno-Fetal Instituto<\/p>\n<p><a href=\"https:\/\/www.sonigob.org\/home\/dr-guillermo-garduno-garcia\/\" class=\"more-link\">Continua&#8230;<span class=\"screen-reader-text\">Dr. Guillermo Gardu\u00f1o Garc\u00eda<\/span><\/a><\/p>\n","protected":false},"author":2,"featured_media":2337,"comment_status":"closed","ping_status":"open","sticky":false,"template":"","format":"standard","meta":{"footnotes":""},"categories":[88],"tags":[],"class_list":["post-2336","post","type-post","status-publish","format-standard","has-post-thumbnail","hentry","category-conferencistas"],"_links":{"self":[{"href":"https:\/\/www.sonigob.org\/home\/wp-json\/wp\/v2\/posts\/2336","targetHints":{"allow":["GET"]}}],"collection":[{"href":"https:\/\/www.sonigob.org\/home\/wp-json\/wp\/v2\/posts"}],"about":[{"href":"https:\/\/www.sonigob.org\/home\/wp-json\/wp\/v2\/types\/post"}],"author":[{"embeddable":true,"href":"https:\/\/www.sonigob.org\/home\/wp-json\/wp\/v2\/users\/2"}],"replies":[{"embeddable":true,"href":"https:\/\/www.sonigob.org\/home\/wp-json\/wp\/v2\/comments?post=2336"}],"version-history":[{"count":1,"href":"https:\/\/www.sonigob.org\/home\/wp-json\/wp\/v2\/posts\/2336\/revisions"}],"predecessor-version":[{"id":2338,"href":"https:\/\/www.sonigob.org\/home\/wp-json\/wp\/v2\/posts\/2336\/revisions\/2338"}],"wp:featuredmedia":[{"embeddable":true,"href":"https:\/\/www.sonigob.org\/home\/wp-json\/wp\/v2\/media\/2337"}],"wp:attachment":[{"href":"https:\/\/www.sonigob.org\/home\/wp-json\/wp\/v2\/media?parent=2336"}],"wp:term":[{"taxonomy":"category","embeddable":true,"href":"https:\/\/www.sonigob.org\/home\/wp-json\/wp\/v2\/categories?post=2336"},{"taxonomy":"post_tag","embeddable":true,"href":"https:\/\/www.sonigob.org\/home\/wp-json\/wp\/v2\/tags?post=2336"}],"curies":[{"name":"wp","href":"https:\/\/api.w.org\/{rel}","templated":true}]}}