{"id":2331,"date":"2022-07-29T05:43:00","date_gmt":"2022-07-29T11:43:00","guid":{"rendered":"https:\/\/www.sonigob.org\/home\/?p=2331"},"modified":"2025-03-10T08:10:23","modified_gmt":"2025-03-10T14:10:23","slug":"dr-jose-gerardo-velazquez-olguin","status":"publish","type":"post","link":"https:\/\/www.sonigob.org\/home\/dr-jose-gerardo-velazquez-olguin\/","title":{"rendered":"Dr. Jos\u00e9 Gerardo Vel\u00e1zquez Olgu\u00edn"},"content":{"rendered":"<div class=\"wp-block-image\">\n<figure class=\"alignright size-full is-resized\"><img decoding=\"async\" src=\"https:\/\/www.sonigob.org\/home\/wp-content\/uploads\/2023\/03\/dr-gerardo-velazques.jpg\" alt=\"\" class=\"wp-image-2334\" width=\"200\" height=\"201\" srcset=\"https:\/\/www.sonigob.org\/home\/wp-content\/uploads\/2023\/03\/dr-gerardo-velazques.jpg 300w, https:\/\/www.sonigob.org\/home\/wp-content\/uploads\/2023\/03\/dr-gerardo-velazques-150x150.jpg 150w\" sizes=\"(max-width: 200px) 100vw, 200px\" \/><\/figure>\n<\/div>\n\n\n<p><strong>Especialidad<\/strong>: Ginecolog\u00eda Oncol\u00f3gica<br><strong>Pa\u00eds:&nbsp;<\/strong>M\u00e9xico<\/p>\n\n\n\n<h2 class=\"wp-block-heading\">Educaci\u00f3n superior y especialidad:<\/h2>\n\n\n\n<ul class=\"wp-block-list\"><li>Lic. M\u00e9dico Cirujano \u2013 Facultad Mexicana de Medicina Universidad La Salle\u2026<\/li><li>Especialidad en Gineco-obstetricia Universidad Nacional Aut\u00f3noma de M\u00e9xico- Hospital Espa\u00f1ol\u2026<\/li><li>Especialidad en Ginecolog\u00eda Oncol\u00f3gica Universidad Nacional Aut\u00f3noma de M\u00e9xico-Instituto Nacional de Cancerolog\u00eda<\/li><\/ul>\n\n\n\n<h2 class=\"wp-block-heading\">Experiencia laboral:<\/h2>\n\n\n\n<ul class=\"wp-block-list\"><li>M\u00e9dico asociado del Hospital Espa\u00f1ol<\/li><li>M\u00e9dico asociado del Centro M\u00e9dico ABC<\/li><\/ul>\n\n\n\n<h2 class=\"wp-block-heading\">Asociaciones:<\/h2>\n\n\n\n<ul class=\"wp-block-list\"><li>&nbsp;Consejo Mexicano de Ginecolog\u00eda y Obstetricia<\/li><li>Consejo Mexicano de Oncolog\u00eda<\/li><\/ul>\n\n\n\n<h2 class=\"wp-block-heading\">Distinciones y publicaciones:<\/h2>\n\n\n\n<ul class=\"wp-block-list\"><li>Menci\u00f3n Honor\u00edfica en la Lic. M\u00e9dico Cirujano<\/li><li>Menci\u00f3n Honor\u00edfica en la Especialidad en Gineco-obstetricia<\/li><li>2 cap\u00edtulos del libro Temas de Inter\u00e9s en Medicina de la Reproducci\u00f3n (S\u00edndrome de ovario poliqu\u00edstico y Cirug\u00eda reproductiva) y art\u00edculo Displasia Mesenquimal Placentaria en Ginecolog\u00eda y Obstetricia de M\u00e9xico<\/li><\/ul>\n\n\n<div class=\"wp-block-image\">\n<figure class=\"alignleft size-full is-resized\"><a href=\"https:\/\/www.sonigob.org\/home\/category\/fecasog2023\/conferencistas\/\"><img decoding=\"async\" src=\"https:\/\/www.sonigob.org\/home\/wp-content\/uploads\/2023\/02\/regresar.jpg\" alt=\"\" class=\"wp-image-1889\" width=\"321\" height=\"57\" srcset=\"https:\/\/www.sonigob.org\/home\/wp-content\/uploads\/2023\/02\/regresar.jpg 428w, https:\/\/www.sonigob.org\/home\/wp-content\/uploads\/2023\/02\/regresar-300x53.jpg 300w\" sizes=\"(max-width: 321px) 100vw, 321px\" \/><\/a><\/figure>\n<\/div>","protected":false},"excerpt":{"rendered":"<p>Especialidad: Ginecolog\u00eda Oncol\u00f3gicaPa\u00eds:&nbsp;M\u00e9xico Educaci\u00f3n superior y especialidad: Lic. M\u00e9dico Cirujano \u2013 Facultad Mexicana de Medicina Universidad La Salle\u2026 Especialidad en<\/p>\n<p><a href=\"https:\/\/www.sonigob.org\/home\/dr-jose-gerardo-velazquez-olguin\/\" class=\"more-link\">Continua&#8230;<span class=\"screen-reader-text\">Dr. Jos\u00e9 Gerardo Vel\u00e1zquez Olgu\u00edn<\/span><\/a><\/p>\n","protected":false},"author":2,"featured_media":2334,"comment_status":"closed","ping_status":"open","sticky":false,"template":"","format":"standard","meta":{"footnotes":""},"categories":[88],"tags":[],"class_list":["post-2331","post","type-post","status-publish","format-standard","has-post-thumbnail","hentry","category-conferencistas"],"_links":{"self":[{"href":"https:\/\/www.sonigob.org\/home\/wp-json\/wp\/v2\/posts\/2331","targetHints":{"allow":["GET"]}}],"collection":[{"href":"https:\/\/www.sonigob.org\/home\/wp-json\/wp\/v2\/posts"}],"about":[{"href":"https:\/\/www.sonigob.org\/home\/wp-json\/wp\/v2\/types\/post"}],"author":[{"embeddable":true,"href":"https:\/\/www.sonigob.org\/home\/wp-json\/wp\/v2\/users\/2"}],"replies":[{"embeddable":true,"href":"https:\/\/www.sonigob.org\/home\/wp-json\/wp\/v2\/comments?post=2331"}],"version-history":[{"count":1,"href":"https:\/\/www.sonigob.org\/home\/wp-json\/wp\/v2\/posts\/2331\/revisions"}],"predecessor-version":[{"id":2335,"href":"https:\/\/www.sonigob.org\/home\/wp-json\/wp\/v2\/posts\/2331\/revisions\/2335"}],"wp:featuredmedia":[{"embeddable":true,"href":"https:\/\/www.sonigob.org\/home\/wp-json\/wp\/v2\/media\/2334"}],"wp:attachment":[{"href":"https:\/\/www.sonigob.org\/home\/wp-json\/wp\/v2\/media?parent=2331"}],"wp:term":[{"taxonomy":"category","embeddable":true,"href":"https:\/\/www.sonigob.org\/home\/wp-json\/wp\/v2\/categories?post=2331"},{"taxonomy":"post_tag","embeddable":true,"href":"https:\/\/www.sonigob.org\/home\/wp-json\/wp\/v2\/tags?post=2331"}],"curies":[{"name":"wp","href":"https:\/\/api.w.org\/{rel}","templated":true}]}}