{"id":2330,"date":"2022-07-29T05:34:00","date_gmt":"2022-07-29T11:34:00","guid":{"rendered":"https:\/\/www.sonigob.org\/home\/?p=2330"},"modified":"2025-03-10T08:10:23","modified_gmt":"2025-03-10T14:10:23","slug":"dr-victor-eduardo-francia-catalan","status":"publish","type":"post","link":"https:\/\/www.sonigob.org\/home\/dr-victor-eduardo-francia-catalan\/","title":{"rendered":"Dr. V\u00edctor Eduardo Francia Catalan"},"content":{"rendered":"<div class=\"wp-block-image\">\n<figure class=\"alignright size-full is-resized\"><img decoding=\"async\" src=\"https:\/\/www.sonigob.org\/home\/wp-content\/uploads\/2023\/03\/dr-victor-francia.jpg\" alt=\"\" class=\"wp-image-2332\" width=\"200\" height=\"200\" srcset=\"https:\/\/www.sonigob.org\/home\/wp-content\/uploads\/2023\/03\/dr-victor-francia.jpg 300w, https:\/\/www.sonigob.org\/home\/wp-content\/uploads\/2023\/03\/dr-victor-francia-150x150.jpg 150w\" sizes=\"(max-width: 200px) 100vw, 200px\" \/><\/figure>\n<\/div>\n\n\n<p><strong>Especialidad<\/strong>: Ginec\u00f3logo Obstetra<br><strong>Pa\u00eds:&nbsp;<\/strong>Per\u00fa<\/p>\n\n\n\n<h2 class=\"wp-block-heading\">Educaci\u00f3n superior y especialidad:<\/h2>\n\n\n\n<ul class=\"wp-block-list\"><li>M\u00e9dico Cirujano por la Facultad de Medicina de la Universidad Nacional de Trujillo \u2013 La Libertad \u2013 Peru<\/li><li>Ginecolog\u00eda Obstetricia por la Facultad de Medicina de la Universidad Nacional Federico Villarreal \u2013 Lima \u2013 Per\u00fa<\/li><li>Diplomado Piso P\u00e9lvico por la Fundaci\u00f3n Universitaria de Ciencias de la Salud, Bogot\u00e1 \u2013 Colombia<\/li><li>Postgrado en Endoscopia Ginecol\u00f3gica en el Instituto Nacional de Perinatolog\u00eda, Ciudad de M\u00e9xico por la Universidad Nacional Aut\u00f3noma de M\u00e9xico.<\/li><\/ul>\n\n\n\n<h2 class=\"wp-block-heading\">Experiencia laboral:<\/h2>\n\n\n\n<ul class=\"wp-block-list\"><li>M\u00e9dico Asistencial del Complejo Hospitalario Alberto Barton Thompson<\/li><li>M\u00e9dico Asistencial del Hospital Nacional Hip\u00f3lito Un\u00e1nue<\/li><\/ul>\n\n\n\n<h2 class=\"wp-block-heading\">Asociaciones:<\/h2>\n\n\n\n<ul class=\"wp-block-list\"><li>Miembro Adscrito de la Sociedad Peruana de Ginecolog\u00eda Obstetricia<\/li><li>Miembro de la &nbsp;Asociaci\u00f3n Latinoamericana para el Piso P\u00e9lvico \u2013 Alapp<\/li><\/ul>\n\n\n<div class=\"wp-block-image\">\n<figure class=\"alignleft size-full is-resized\"><a href=\"https:\/\/www.sonigob.org\/home\/category\/fecasog2023\/conferencistas\/\"><img decoding=\"async\" src=\"https:\/\/www.sonigob.org\/home\/wp-content\/uploads\/2023\/02\/regresar.jpg\" alt=\"\" class=\"wp-image-1889\" width=\"321\" height=\"57\" srcset=\"https:\/\/www.sonigob.org\/home\/wp-content\/uploads\/2023\/02\/regresar.jpg 428w, https:\/\/www.sonigob.org\/home\/wp-content\/uploads\/2023\/02\/regresar-300x53.jpg 300w\" sizes=\"(max-width: 321px) 100vw, 321px\" \/><\/a><\/figure>\n<\/div>","protected":false},"excerpt":{"rendered":"<p>Especialidad: Ginec\u00f3logo ObstetraPa\u00eds:&nbsp;Per\u00fa Educaci\u00f3n superior y especialidad: M\u00e9dico Cirujano por la Facultad de Medicina de la Universidad Nacional de Trujillo<\/p>\n<p><a href=\"https:\/\/www.sonigob.org\/home\/dr-victor-eduardo-francia-catalan\/\" class=\"more-link\">Continua&#8230;<span class=\"screen-reader-text\">Dr. V\u00edctor Eduardo Francia Catalan<\/span><\/a><\/p>\n","protected":false},"author":2,"featured_media":2332,"comment_status":"closed","ping_status":"open","sticky":false,"template":"","format":"standard","meta":{"footnotes":""},"categories":[88],"tags":[],"class_list":["post-2330","post","type-post","status-publish","format-standard","has-post-thumbnail","hentry","category-conferencistas"],"_links":{"self":[{"href":"https:\/\/www.sonigob.org\/home\/wp-json\/wp\/v2\/posts\/2330","targetHints":{"allow":["GET"]}}],"collection":[{"href":"https:\/\/www.sonigob.org\/home\/wp-json\/wp\/v2\/posts"}],"about":[{"href":"https:\/\/www.sonigob.org\/home\/wp-json\/wp\/v2\/types\/post"}],"author":[{"embeddable":true,"href":"https:\/\/www.sonigob.org\/home\/wp-json\/wp\/v2\/users\/2"}],"replies":[{"embeddable":true,"href":"https:\/\/www.sonigob.org\/home\/wp-json\/wp\/v2\/comments?post=2330"}],"version-history":[{"count":1,"href":"https:\/\/www.sonigob.org\/home\/wp-json\/wp\/v2\/posts\/2330\/revisions"}],"predecessor-version":[{"id":2333,"href":"https:\/\/www.sonigob.org\/home\/wp-json\/wp\/v2\/posts\/2330\/revisions\/2333"}],"wp:featuredmedia":[{"embeddable":true,"href":"https:\/\/www.sonigob.org\/home\/wp-json\/wp\/v2\/media\/2332"}],"wp:attachment":[{"href":"https:\/\/www.sonigob.org\/home\/wp-json\/wp\/v2\/media?parent=2330"}],"wp:term":[{"taxonomy":"category","embeddable":true,"href":"https:\/\/www.sonigob.org\/home\/wp-json\/wp\/v2\/categories?post=2330"},{"taxonomy":"post_tag","embeddable":true,"href":"https:\/\/www.sonigob.org\/home\/wp-json\/wp\/v2\/tags?post=2330"}],"curies":[{"name":"wp","href":"https:\/\/api.w.org\/{rel}","templated":true}]}}