{"id":2194,"date":"2022-07-21T09:41:00","date_gmt":"2022-07-21T15:41:00","guid":{"rendered":"https:\/\/www.sonigob.org\/home\/?p=2194"},"modified":"2025-03-10T08:10:24","modified_gmt":"2025-03-10T14:10:24","slug":"dr-hernan-munoz-salazar","status":"publish","type":"post","link":"https:\/\/www.sonigob.org\/home\/dr-hernan-munoz-salazar\/","title":{"rendered":"Dr. Hern\u00e1n Mu\u00f1oz Salazar"},"content":{"rendered":"<div class=\"wp-block-image\">\n<figure class=\"alignright size-full is-resized\"><img decoding=\"async\" src=\"https:\/\/www.sonigob.org\/home\/wp-content\/uploads\/2023\/02\/dr-hernan-munoz.jpg\" alt=\"\" class=\"wp-image-2198\" width=\"200\" height=\"200\" srcset=\"https:\/\/www.sonigob.org\/home\/wp-content\/uploads\/2023\/02\/dr-hernan-munoz.jpg 300w, https:\/\/www.sonigob.org\/home\/wp-content\/uploads\/2023\/02\/dr-hernan-munoz-150x150.jpg 150w\" sizes=\"(max-width: 200px) 100vw, 200px\" \/><\/figure>\n<\/div>\n\n\n<p><strong>Especialidad<\/strong>: Obstetra Ginec\u00f3logo \u2013 Medicina Materno Fetal<br><strong>Pa\u00eds:&nbsp;<\/strong>Chile<\/p>\n\n\n\n<ul class=\"wp-block-list\"><li>Profesor Asociado de Obstetricia y Ginecolog\u00eda. Universidad de Chile<\/li><li>Director Programa Ecocardiograf\u00eda Fetal de Universidad de Chile y Cl\u00ednica las Condes<\/li><li>Obstetra Ginec\u00f3logo Universidad de Chile<\/li><li>Especialista en Medicina Materno Fetal<\/li><li>Post Doctoral Fellow Perinatology Research and Ultrasound de Yale University and National Institutes of Health.USA.<\/li><li>Ex Presidente Sociedad Chilena de OG<\/li><li>Ex Presidente Sociedad Chilena de Ultrasonido en Medicina y Biolog\u00eda<\/li><li>Ex Presidente Federaci\u00f3n Latinoamericana de Sociedades de US FLAUS.<\/li><li>Ex miembro de Board WFUMB y FIGO<\/li><li>Miembro de Task Force de Fetal Echocardiography de ISUOG<\/li><li>Miembro de Task Force de Mid trimester Ultrasound de ISUOGnan Mu\u00f1oz Salazar.<\/li><\/ul>\n\n\n<div class=\"wp-block-image\">\n<figure class=\"alignleft size-full is-resized\"><a href=\"https:\/\/www.sonigob.org\/home\/category\/fecasog2023\/conferencistas\/\"><img decoding=\"async\" src=\"https:\/\/www.sonigob.org\/home\/wp-content\/uploads\/2023\/02\/regresar.jpg\" alt=\"\" class=\"wp-image-1889\" width=\"321\" height=\"57\" srcset=\"https:\/\/www.sonigob.org\/home\/wp-content\/uploads\/2023\/02\/regresar.jpg 428w, https:\/\/www.sonigob.org\/home\/wp-content\/uploads\/2023\/02\/regresar-300x53.jpg 300w\" sizes=\"(max-width: 321px) 100vw, 321px\" \/><\/a><\/figure>\n<\/div>","protected":false},"excerpt":{"rendered":"<p>Especialidad: Obstetra Ginec\u00f3logo \u2013 Medicina Materno FetalPa\u00eds:&nbsp;Chile Profesor Asociado de Obstetricia y Ginecolog\u00eda. Universidad de Chile Director Programa Ecocardiograf\u00eda Fetal<\/p>\n<p><a href=\"https:\/\/www.sonigob.org\/home\/dr-hernan-munoz-salazar\/\" class=\"more-link\">Continua&#8230;<span class=\"screen-reader-text\">Dr. Hern\u00e1n Mu\u00f1oz Salazar<\/span><\/a><\/p>\n","protected":false},"author":2,"featured_media":2198,"comment_status":"closed","ping_status":"open","sticky":false,"template":"","format":"standard","meta":{"footnotes":""},"categories":[88],"tags":[],"class_list":["post-2194","post","type-post","status-publish","format-standard","has-post-thumbnail","hentry","category-conferencistas"],"_links":{"self":[{"href":"https:\/\/www.sonigob.org\/home\/wp-json\/wp\/v2\/posts\/2194","targetHints":{"allow":["GET"]}}],"collection":[{"href":"https:\/\/www.sonigob.org\/home\/wp-json\/wp\/v2\/posts"}],"about":[{"href":"https:\/\/www.sonigob.org\/home\/wp-json\/wp\/v2\/types\/post"}],"author":[{"embeddable":true,"href":"https:\/\/www.sonigob.org\/home\/wp-json\/wp\/v2\/users\/2"}],"replies":[{"embeddable":true,"href":"https:\/\/www.sonigob.org\/home\/wp-json\/wp\/v2\/comments?post=2194"}],"version-history":[{"count":1,"href":"https:\/\/www.sonigob.org\/home\/wp-json\/wp\/v2\/posts\/2194\/revisions"}],"predecessor-version":[{"id":2199,"href":"https:\/\/www.sonigob.org\/home\/wp-json\/wp\/v2\/posts\/2194\/revisions\/2199"}],"wp:featuredmedia":[{"embeddable":true,"href":"https:\/\/www.sonigob.org\/home\/wp-json\/wp\/v2\/media\/2198"}],"wp:attachment":[{"href":"https:\/\/www.sonigob.org\/home\/wp-json\/wp\/v2\/media?parent=2194"}],"wp:term":[{"taxonomy":"category","embeddable":true,"href":"https:\/\/www.sonigob.org\/home\/wp-json\/wp\/v2\/categories?post=2194"},{"taxonomy":"post_tag","embeddable":true,"href":"https:\/\/www.sonigob.org\/home\/wp-json\/wp\/v2\/tags?post=2194"}],"curies":[{"name":"wp","href":"https:\/\/api.w.org\/{rel}","templated":true}]}}