{"id":2013,"date":"2022-07-20T14:26:00","date_gmt":"2022-07-20T20:26:00","guid":{"rendered":"https:\/\/www.sonigob.org\/home\/?p=2013"},"modified":"2025-03-10T08:10:25","modified_gmt":"2025-03-10T14:10:25","slug":"dr-luis-alberto-molina-lugo","status":"publish","type":"post","link":"https:\/\/www.sonigob.org\/home\/dr-luis-alberto-molina-lugo\/","title":{"rendered":"Dr. Luis Alberto Molina Lugo"},"content":{"rendered":"<div class=\"wp-block-image\">\n<figure class=\"alignright size-full is-resized\"><img decoding=\"async\" src=\"https:\/\/www.sonigob.org\/home\/wp-content\/uploads\/2023\/02\/dr-luis-alberto.jpg\" alt=\"\" class=\"wp-image-2154\" width=\"200\" height=\"200\" srcset=\"https:\/\/www.sonigob.org\/home\/wp-content\/uploads\/2023\/02\/dr-luis-alberto.jpg 300w, https:\/\/www.sonigob.org\/home\/wp-content\/uploads\/2023\/02\/dr-luis-alberto-150x150.jpg 150w\" sizes=\"(max-width: 200px) 100vw, 200px\" \/><\/figure>\n<\/div>\n\n\n<p><strong>Especialidad:&nbsp;<\/strong>Coloproctolog\u00eda<br><strong>Pa\u00eds:&nbsp;<\/strong>Nicaragua<\/p>\n\n\n\n<h2 class=\"wp-block-heading\">Titulos:<\/h2>\n\n\n\n<ul class=\"wp-block-list\"><li>Carrera: Medicina General&nbsp; en Universidad nacional Aut\u00f3noma de Nicaragua (UNAN) \u2013 Le\u00f3n.&nbsp; Nicaragua.<\/li><li>Especialidad en Cirug\u00eda General:&nbsp; &nbsp;Hospital Escuela Oscar Danilo Rosales.&nbsp; Le\u00f3n- Nicaragua.&nbsp; T\u00edtulo de la UNAN-Leon.<\/li><li>Sub-Especialidad en Coloproctolog\u00eda&nbsp; Hospital General de M\u00e9xico&nbsp; UNAM- M\u00e9xico-DF.<\/li><li>Diplomado en Cirug\u00eda Laparosc\u00f3pica y Microcirug\u00eda: Hospital Zona 1-A del Seguro Social Mexicano.&nbsp; DF.<\/li><li>Diplomado en Ultrasonido Transrectal: Hospital Central Militar. M\u00e9xico DF.<\/li><li>Stage (Fell-Up) en Coloproctolog\u00eda Hospital Les Diaconesses: Paris- Francia.<\/li><\/ul>\n\n\n\n<h2 class=\"wp-block-heading\">Sociedades:<\/h2>\n\n\n\n<ul class=\"wp-block-list\"><li>Presidente de la Sociedad Nicarag\u00fcense de Coloproctolog\u00eda (ASONICO)<\/li><li>Miembro de la Sociedad Nicaragua de Gastroenterolog\u00eda (SONIGED)<\/li><li>Miembro de la Sociedad Latinoamericana de Coloproctolog\u00eda (ALAP)<\/li><\/ul>\n\n\n\n<h2 class=\"wp-block-heading\">Historia Laboral:<\/h2>\n\n\n\n<ul class=\"wp-block-list\"><li>M\u00e9dico de base y Profesor de la Especialidad de Cirug\u00eda en Hospital Escuela&nbsp; Antonio Lenin Fonseca Managua<\/li><li>Medico de Base del Hospital Vivian Pellas (Reconocido por la Join comisi\u00f3n)<\/li><li>Medico de base del Hospital Militar Managua Nicaragua.<\/li><li>Pionero el desarrollo de Ultrasonido Tranrectal en Nicaragua.<\/li><li>He desarrollado y modificado la T\u00e9cnica de ALTEMEIER en Prolapsos Rectales.<\/li><\/ul>\n\n\n\n<h2 class=\"wp-block-heading\">Publicaciones:<\/h2>\n\n\n\n<ul class=\"wp-block-list\"><li>Manejo Farmacol\u00f3gico de la Proctitis Post-radiaci\u00f3n. Revista Hospital General.<\/li><\/ul>\n\n\n<div class=\"wp-block-image\">\n<figure class=\"alignleft size-full is-resized\"><a href=\"https:\/\/www.sonigob.org\/home\/category\/fecasog2023\/conferencistas\/\"><img decoding=\"async\" src=\"https:\/\/www.sonigob.org\/home\/wp-content\/uploads\/2023\/02\/regresar.jpg\" alt=\"\" class=\"wp-image-1889\" width=\"321\" height=\"57\" srcset=\"https:\/\/www.sonigob.org\/home\/wp-content\/uploads\/2023\/02\/regresar.jpg 428w, https:\/\/www.sonigob.org\/home\/wp-content\/uploads\/2023\/02\/regresar-300x53.jpg 300w\" sizes=\"(max-width: 321px) 100vw, 321px\" \/><\/a><\/figure>\n<\/div>","protected":false},"excerpt":{"rendered":"<p>Especialidad:&nbsp;Coloproctolog\u00edaPa\u00eds:&nbsp;Nicaragua Titulos: Carrera: Medicina General&nbsp; en Universidad nacional Aut\u00f3noma de Nicaragua (UNAN) \u2013 Le\u00f3n.&nbsp; Nicaragua. Especialidad en Cirug\u00eda General:&nbsp; &nbsp;Hospital<\/p>\n<p><a href=\"https:\/\/www.sonigob.org\/home\/dr-luis-alberto-molina-lugo\/\" class=\"more-link\">Continua&#8230;<span class=\"screen-reader-text\">Dr. Luis Alberto Molina Lugo<\/span><\/a><\/p>\n","protected":false},"author":2,"featured_media":2154,"comment_status":"closed","ping_status":"open","sticky":false,"template":"","format":"standard","meta":{"footnotes":""},"categories":[88],"tags":[],"class_list":["post-2013","post","type-post","status-publish","format-standard","has-post-thumbnail","hentry","category-conferencistas"],"_links":{"self":[{"href":"https:\/\/www.sonigob.org\/home\/wp-json\/wp\/v2\/posts\/2013","targetHints":{"allow":["GET"]}}],"collection":[{"href":"https:\/\/www.sonigob.org\/home\/wp-json\/wp\/v2\/posts"}],"about":[{"href":"https:\/\/www.sonigob.org\/home\/wp-json\/wp\/v2\/types\/post"}],"author":[{"embeddable":true,"href":"https:\/\/www.sonigob.org\/home\/wp-json\/wp\/v2\/users\/2"}],"replies":[{"embeddable":true,"href":"https:\/\/www.sonigob.org\/home\/wp-json\/wp\/v2\/comments?post=2013"}],"version-history":[{"count":1,"href":"https:\/\/www.sonigob.org\/home\/wp-json\/wp\/v2\/posts\/2013\/revisions"}],"predecessor-version":[{"id":2155,"href":"https:\/\/www.sonigob.org\/home\/wp-json\/wp\/v2\/posts\/2013\/revisions\/2155"}],"wp:featuredmedia":[{"embeddable":true,"href":"https:\/\/www.sonigob.org\/home\/wp-json\/wp\/v2\/media\/2154"}],"wp:attachment":[{"href":"https:\/\/www.sonigob.org\/home\/wp-json\/wp\/v2\/media?parent=2013"}],"wp:term":[{"taxonomy":"category","embeddable":true,"href":"https:\/\/www.sonigob.org\/home\/wp-json\/wp\/v2\/categories?post=2013"},{"taxonomy":"post_tag","embeddable":true,"href":"https:\/\/www.sonigob.org\/home\/wp-json\/wp\/v2\/tags?post=2013"}],"curies":[{"name":"wp","href":"https:\/\/api.w.org\/{rel}","templated":true}]}}