{"id":2009,"date":"2022-07-20T14:26:00","date_gmt":"2022-07-20T20:26:00","guid":{"rendered":"https:\/\/www.sonigob.org\/home\/?p=2009"},"modified":"2025-03-10T08:10:25","modified_gmt":"2025-03-10T14:10:25","slug":"dr-facundo-gomez-cherey","status":"publish","type":"post","link":"https:\/\/www.sonigob.org\/home\/dr-facundo-gomez-cherey\/","title":{"rendered":"Dr. Facundo Gomez Cherey"},"content":{"rendered":"<div class=\"wp-block-image\">\n<figure class=\"alignright size-full is-resized\"><img decoding=\"async\" src=\"https:\/\/www.sonigob.org\/home\/wp-content\/uploads\/2023\/02\/dr-facundo-cherey.jpg\" alt=\"\" class=\"wp-image-2146\" width=\"200\" height=\"200\" srcset=\"https:\/\/www.sonigob.org\/home\/wp-content\/uploads\/2023\/02\/dr-facundo-cherey.jpg 300w, https:\/\/www.sonigob.org\/home\/wp-content\/uploads\/2023\/02\/dr-facundo-cherey-150x150.jpg 150w\" sizes=\"(max-width: 200px) 100vw, 200px\" \/><\/figure>\n<\/div>\n\n\n<p><strong>Especialidad:&nbsp;<\/strong>Ginecologia \u2013 Patolog\u00eda del Tracto Genital Inferior<br><strong>Pa\u00eds:&nbsp;<\/strong>Argentina<\/p>\n\n\n\n<h2 class=\"wp-block-heading\">Educaci\u00f3n superior y especialidad:<\/h2>\n\n\n\n<ul class=\"wp-block-list\"><li>Medico. Titulo Otorgado por la Universidad Nacional del Nordeste<\/li><li>Especialista Universitario en Tocoginecologia. Titulo Otorgado por la Universidad de Buenos Aires<\/li><li>Maestr\u00eda en Biolog\u00eda Molecular M\u00e9dica. Titulo Otorgado por la Universidad de Buenos Aires<\/li><\/ul>\n\n\n\n<h2 class=\"wp-block-heading\">Experiencia laboral:<\/h2>\n\n\n\n<ul class=\"wp-block-list\"><li>Medico de Staff de la Secci\u00f3n Patologia Vulvovaginal del Hospital de Clinicas \u201cJos\u00e9 de San Martin\u201d \u2013 Universidad de Buenos Aires<\/li><li>Docente Adscripto de la Catedra de Ginecologia de la Universidad de Buenos Aires<\/li><\/ul>\n\n\n\n<h2 class=\"wp-block-heading\">Asociaciones:<\/h2>\n\n\n\n<ul class=\"wp-block-list\"><li>Miembro de la Sociedad Argentina de Patologia del Tracto Genital Inferior y Colposcopia<\/li><li>Miembro de la Sociedad Latinoamericana de Patologia Vulvar<\/li><li>Fellow Member \u2013 International Society for the Vulvovaginal Disease, ISSVD<\/li><\/ul>\n\n\n\n<h2 class=\"wp-block-heading\">Distinciones y publicaciones:<\/h2>\n\n\n\n<ul class=\"wp-block-list\"><li>Ganador del Premio Edgardo Nicholson 2022 de la Academia Nacional de Medicina en m\u00e9rito al trabajo \u201cAN\u00c1LISIS METAGEN\u00d3MICO DE LAS COMUNIDADES BACTERIANAS VAGINALES Y SU RELACI\u00d3N CON LA INFECCI\u00d3N POR EL VIRUS DEL PAPILOMA HUMANO\u201d<\/li><li>Ganador del Premio del Congreso de la Federaci\u00f3n Latinoamericana de Patologia del Tracto Genital Inferior y Colposcopia 2021, en merito al trabajo \u201cCARACTERIZACION DE LA MICROBIOTA VAGINAL EN MENOPAISOA Y SU ASOCIACION CON PATOGENOS. IMPORTANCIA DE SU CARACTERIZACION\u201d<\/li><\/ul>\n\n\n<div class=\"wp-block-image\">\n<figure class=\"alignleft size-full is-resized\"><a href=\"https:\/\/www.sonigob.org\/home\/category\/fecasog2023\/conferencistas\/\"><img decoding=\"async\" src=\"https:\/\/www.sonigob.org\/home\/wp-content\/uploads\/2023\/02\/regresar.jpg\" alt=\"\" class=\"wp-image-1889\" width=\"321\" height=\"57\" srcset=\"https:\/\/www.sonigob.org\/home\/wp-content\/uploads\/2023\/02\/regresar.jpg 428w, https:\/\/www.sonigob.org\/home\/wp-content\/uploads\/2023\/02\/regresar-300x53.jpg 300w\" sizes=\"(max-width: 321px) 100vw, 321px\" \/><\/a><\/figure>\n<\/div>","protected":false},"excerpt":{"rendered":"<p>Especialidad:&nbsp;Ginecologia \u2013 Patolog\u00eda del Tracto Genital InferiorPa\u00eds:&nbsp;Argentina Educaci\u00f3n superior y especialidad: Medico. Titulo Otorgado por la Universidad Nacional del Nordeste<\/p>\n<p><a href=\"https:\/\/www.sonigob.org\/home\/dr-facundo-gomez-cherey\/\" class=\"more-link\">Continua&#8230;<span class=\"screen-reader-text\">Dr. Facundo Gomez Cherey<\/span><\/a><\/p>\n","protected":false},"author":2,"featured_media":2146,"comment_status":"closed","ping_status":"open","sticky":false,"template":"","format":"standard","meta":{"footnotes":""},"categories":[88],"tags":[],"class_list":["post-2009","post","type-post","status-publish","format-standard","has-post-thumbnail","hentry","category-conferencistas"],"_links":{"self":[{"href":"https:\/\/www.sonigob.org\/home\/wp-json\/wp\/v2\/posts\/2009","targetHints":{"allow":["GET"]}}],"collection":[{"href":"https:\/\/www.sonigob.org\/home\/wp-json\/wp\/v2\/posts"}],"about":[{"href":"https:\/\/www.sonigob.org\/home\/wp-json\/wp\/v2\/types\/post"}],"author":[{"embeddable":true,"href":"https:\/\/www.sonigob.org\/home\/wp-json\/wp\/v2\/users\/2"}],"replies":[{"embeddable":true,"href":"https:\/\/www.sonigob.org\/home\/wp-json\/wp\/v2\/comments?post=2009"}],"version-history":[{"count":1,"href":"https:\/\/www.sonigob.org\/home\/wp-json\/wp\/v2\/posts\/2009\/revisions"}],"predecessor-version":[{"id":2147,"href":"https:\/\/www.sonigob.org\/home\/wp-json\/wp\/v2\/posts\/2009\/revisions\/2147"}],"wp:featuredmedia":[{"embeddable":true,"href":"https:\/\/www.sonigob.org\/home\/wp-json\/wp\/v2\/media\/2146"}],"wp:attachment":[{"href":"https:\/\/www.sonigob.org\/home\/wp-json\/wp\/v2\/media?parent=2009"}],"wp:term":[{"taxonomy":"category","embeddable":true,"href":"https:\/\/www.sonigob.org\/home\/wp-json\/wp\/v2\/categories?post=2009"},{"taxonomy":"post_tag","embeddable":true,"href":"https:\/\/www.sonigob.org\/home\/wp-json\/wp\/v2\/tags?post=2009"}],"curies":[{"name":"wp","href":"https:\/\/api.w.org\/{rel}","templated":true}]}}