{"id":2007,"date":"2022-07-20T14:26:00","date_gmt":"2022-07-20T20:26:00","guid":{"rendered":"https:\/\/www.sonigob.org\/home\/?p=2007"},"modified":"2025-03-10T08:10:24","modified_gmt":"2025-03-10T14:10:24","slug":"dra-angie-mora-calderon","status":"publish","type":"post","link":"https:\/\/www.sonigob.org\/home\/dra-angie-mora-calderon\/","title":{"rendered":"Dra. Angie Mora Calder\u00f3n"},"content":{"rendered":"<div class=\"wp-block-image\">\n<figure class=\"alignright size-full is-resized\"><img decoding=\"async\" src=\"https:\/\/www.sonigob.org\/home\/wp-content\/uploads\/2023\/02\/dra-angie-mora.jpg\" alt=\"\" class=\"wp-image-2142\" width=\"200\" height=\"200\" srcset=\"https:\/\/www.sonigob.org\/home\/wp-content\/uploads\/2023\/02\/dra-angie-mora.jpg 300w, https:\/\/www.sonigob.org\/home\/wp-content\/uploads\/2023\/02\/dra-angie-mora-150x150.jpg 150w\" sizes=\"(max-width: 200px) 100vw, 200px\" \/><\/figure>\n<\/div>\n\n\n<p><strong>Especialidad:&nbsp;<\/strong>Ginecolog\u00eda Oncol\u00f3gica<br><strong>Pa\u00eds:&nbsp;<\/strong>Costa Rica<\/p>\n\n\n\n<h2 class=\"wp-block-heading\">Educaci\u00f3n superior y especialidad:<\/h2>\n\n\n\n<ul class=\"wp-block-list\"><li>Medicina y Cirug\u00eda<\/li><li>Ginecolog\u00eda y Obstetricia<\/li><li>Ginecolog\u00eda Oncol\u00f3gica<\/li><\/ul>\n\n\n\n<h2 class=\"wp-block-heading\">Experiencia laboral:<\/h2>\n\n\n\n<ul class=\"wp-block-list\"><li>Profesora de grado y postgrado en Ginecolog\u00eda y Ginecolog\u00eda Oncol\u00f3gica de la Universidad de Costa Rica desde 2011 a hoy<\/li><li>Hospital Rafael \u00c1ngel Calder\u00f3n Guardia 2007 a 2011<\/li><li>Hospital M\u00e9xico, 2011 a hoy<\/li><li>Hospital La Cat\u00f3lica 2013 a hoy<\/li><\/ul>\n\n\n\n<h2 class=\"wp-block-heading\">Asociaciones:<\/h2>\n\n\n\n<ul class=\"wp-block-list\"><li>Asociaci\u00f3n de Obstetricia y Ginecolog\u00eda de Costa Rica (Junta Directiva desde 2016 y Presidente desde 2022 a hoy)<\/li><li>MD American College of Obstetricians and Gynecologists, ACOG ID: ACOG ID: 000504953I, Fellow, District VIII, Section CR-00<\/li><li>Coordinadora del Comit\u00e9 Acad\u00e9mico de Tracto Genital Inferior de FLASOG (Federaci\u00f3n Latinoamericana de Sociedades de Obstetricia y Ginecolog\u00eda) 2020-2023<\/li><\/ul>\n\n\n\n<h2 class=\"wp-block-heading\">Distinciones y publicaciones:<\/h2>\n\n\n\n<ul class=\"wp-block-list\"><li>I Lugar Nacional de Premiaci\u00f3n de Trabajos Libres en el Congreso Internacional de Obstetricia y Ginecolog\u00eda, Asociaci\u00f3n de Obstetricia y Ginecolog\u00eda de Costa Rica, ALOGIA, mayo 2015 con el estudio: \u201cAplicabilidad de la t\u00e9cnica de ganglio centinela para c\u00e1ncer de vulva temprano en Costa Rica, Experiencia inicial en Hospital M\u00e9xico\u201d<\/li><li>Art\u00edculo publicado: Caso 20-2015: Actinomicosis p\u00e9lvica: Relaci\u00f3n con Dispositivos Intrauterinos. S\u00e1nchez G y Mora C. Revista Cl\u00ednica de la Escuela de Medicina UCR-HSJD. 2015;5(V):1-5.<\/li><li>Participante de la redacci\u00f3n de la Norma Nacional de Prevenci\u00f3n y Detecci\u00f3n Temprana de C\u00e1ncer de C\u00e9rvix, Costa Rica, 2021 (en revisi\u00f3n y pendiente de publicaci\u00f3n)<\/li><\/ul>\n\n\n<div class=\"wp-block-image\">\n<figure class=\"alignleft size-full is-resized\"><a href=\"https:\/\/www.sonigob.org\/home\/category\/fecasog2023\/conferencistas\/\"><img decoding=\"async\" src=\"https:\/\/www.sonigob.org\/home\/wp-content\/uploads\/2023\/02\/regresar.jpg\" alt=\"\" class=\"wp-image-1889\" width=\"321\" height=\"57\" srcset=\"https:\/\/www.sonigob.org\/home\/wp-content\/uploads\/2023\/02\/regresar.jpg 428w, https:\/\/www.sonigob.org\/home\/wp-content\/uploads\/2023\/02\/regresar-300x53.jpg 300w\" sizes=\"(max-width: 321px) 100vw, 321px\" \/><\/a><\/figure>\n<\/div>","protected":false},"excerpt":{"rendered":"<p>Especialidad:&nbsp;Ginecolog\u00eda Oncol\u00f3gicaPa\u00eds:&nbsp;Costa Rica Educaci\u00f3n superior y especialidad: Medicina y Cirug\u00eda Ginecolog\u00eda y Obstetricia Ginecolog\u00eda Oncol\u00f3gica Experiencia laboral: Profesora de grado<\/p>\n<p><a href=\"https:\/\/www.sonigob.org\/home\/dra-angie-mora-calderon\/\" class=\"more-link\">Continua&#8230;<span class=\"screen-reader-text\">Dra. Angie Mora Calder\u00f3n<\/span><\/a><\/p>\n","protected":false},"author":2,"featured_media":2142,"comment_status":"closed","ping_status":"open","sticky":false,"template":"","format":"standard","meta":{"footnotes":""},"categories":[88],"tags":[],"class_list":["post-2007","post","type-post","status-publish","format-standard","has-post-thumbnail","hentry","category-conferencistas"],"_links":{"self":[{"href":"https:\/\/www.sonigob.org\/home\/wp-json\/wp\/v2\/posts\/2007","targetHints":{"allow":["GET"]}}],"collection":[{"href":"https:\/\/www.sonigob.org\/home\/wp-json\/wp\/v2\/posts"}],"about":[{"href":"https:\/\/www.sonigob.org\/home\/wp-json\/wp\/v2\/types\/post"}],"author":[{"embeddable":true,"href":"https:\/\/www.sonigob.org\/home\/wp-json\/wp\/v2\/users\/2"}],"replies":[{"embeddable":true,"href":"https:\/\/www.sonigob.org\/home\/wp-json\/wp\/v2\/comments?post=2007"}],"version-history":[{"count":1,"href":"https:\/\/www.sonigob.org\/home\/wp-json\/wp\/v2\/posts\/2007\/revisions"}],"predecessor-version":[{"id":2143,"href":"https:\/\/www.sonigob.org\/home\/wp-json\/wp\/v2\/posts\/2007\/revisions\/2143"}],"wp:featuredmedia":[{"embeddable":true,"href":"https:\/\/www.sonigob.org\/home\/wp-json\/wp\/v2\/media\/2142"}],"wp:attachment":[{"href":"https:\/\/www.sonigob.org\/home\/wp-json\/wp\/v2\/media?parent=2007"}],"wp:term":[{"taxonomy":"category","embeddable":true,"href":"https:\/\/www.sonigob.org\/home\/wp-json\/wp\/v2\/categories?post=2007"},{"taxonomy":"post_tag","embeddable":true,"href":"https:\/\/www.sonigob.org\/home\/wp-json\/wp\/v2\/tags?post=2007"}],"curies":[{"name":"wp","href":"https:\/\/api.w.org\/{rel}","templated":true}]}}