{"id":2005,"date":"2022-07-20T14:26:00","date_gmt":"2022-07-20T20:26:00","guid":{"rendered":"https:\/\/www.sonigob.org\/home\/?p=2005"},"modified":"2025-03-10T08:10:25","modified_gmt":"2025-03-10T14:10:25","slug":"dr-alejando-paradas","status":"publish","type":"post","link":"https:\/\/www.sonigob.org\/home\/dr-alejando-paradas\/","title":{"rendered":"Dr. Alejando Paradas"},"content":{"rendered":"<div class=\"wp-block-image\">\n<figure class=\"alignright size-full is-resized\"><img decoding=\"async\" src=\"https:\/\/www.sonigob.org\/home\/wp-content\/uploads\/2023\/02\/dr-alejandro-parada.jpg\" alt=\"\" class=\"wp-image-2138\" width=\"200\" height=\"200\" srcset=\"https:\/\/www.sonigob.org\/home\/wp-content\/uploads\/2023\/02\/dr-alejandro-parada.jpg 300w, https:\/\/www.sonigob.org\/home\/wp-content\/uploads\/2023\/02\/dr-alejandro-parada-150x150.jpg 150w\" sizes=\"(max-width: 200px) 100vw, 200px\" \/><\/figure>\n<\/div>\n\n\n<p><strong>Especialidad:&nbsp;<\/strong>Maestro de la Ginecolog\u00eda y Obstetricia<br>Especialista en Climaterio y Menopausia<br><strong>Pa\u00eds:&nbsp;<\/strong>Rep\u00fablica Dominicana<\/p>\n\n\n<div class=\"wp-block-image\">\n<figure class=\"alignleft size-full is-resized\"><a href=\"https:\/\/www.sonigob.org\/home\/category\/fecasog2023\/conferencistas\/\"><img decoding=\"async\" src=\"https:\/\/www.sonigob.org\/home\/wp-content\/uploads\/2023\/02\/regresar.jpg\" alt=\"\" class=\"wp-image-1889\" width=\"321\" height=\"57\" srcset=\"https:\/\/www.sonigob.org\/home\/wp-content\/uploads\/2023\/02\/regresar.jpg 428w, https:\/\/www.sonigob.org\/home\/wp-content\/uploads\/2023\/02\/regresar-300x53.jpg 300w\" sizes=\"(max-width: 321px) 100vw, 321px\" \/><\/a><\/figure>\n<\/div>","protected":false},"excerpt":{"rendered":"<p>Especialidad:&nbsp;Maestro de la Ginecolog\u00eda y ObstetriciaEspecialista en Climaterio y MenopausiaPa\u00eds:&nbsp;Rep\u00fablica Dominicana<\/p>\n","protected":false},"author":2,"featured_media":2138,"comment_status":"closed","ping_status":"open","sticky":false,"template":"","format":"standard","meta":{"footnotes":""},"categories":[88],"tags":[],"class_list":["post-2005","post","type-post","status-publish","format-standard","has-post-thumbnail","hentry","category-conferencistas"],"_links":{"self":[{"href":"https:\/\/www.sonigob.org\/home\/wp-json\/wp\/v2\/posts\/2005","targetHints":{"allow":["GET"]}}],"collection":[{"href":"https:\/\/www.sonigob.org\/home\/wp-json\/wp\/v2\/posts"}],"about":[{"href":"https:\/\/www.sonigob.org\/home\/wp-json\/wp\/v2\/types\/post"}],"author":[{"embeddable":true,"href":"https:\/\/www.sonigob.org\/home\/wp-json\/wp\/v2\/users\/2"}],"replies":[{"embeddable":true,"href":"https:\/\/www.sonigob.org\/home\/wp-json\/wp\/v2\/comments?post=2005"}],"version-history":[{"count":1,"href":"https:\/\/www.sonigob.org\/home\/wp-json\/wp\/v2\/posts\/2005\/revisions"}],"predecessor-version":[{"id":2139,"href":"https:\/\/www.sonigob.org\/home\/wp-json\/wp\/v2\/posts\/2005\/revisions\/2139"}],"wp:featuredmedia":[{"embeddable":true,"href":"https:\/\/www.sonigob.org\/home\/wp-json\/wp\/v2\/media\/2138"}],"wp:attachment":[{"href":"https:\/\/www.sonigob.org\/home\/wp-json\/wp\/v2\/media?parent=2005"}],"wp:term":[{"taxonomy":"category","embeddable":true,"href":"https:\/\/www.sonigob.org\/home\/wp-json\/wp\/v2\/categories?post=2005"},{"taxonomy":"post_tag","embeddable":true,"href":"https:\/\/www.sonigob.org\/home\/wp-json\/wp\/v2\/tags?post=2005"}],"curies":[{"name":"wp","href":"https:\/\/api.w.org\/{rel}","templated":true}]}}