{"id":2003,"date":"2022-07-20T14:26:00","date_gmt":"2022-07-20T20:26:00","guid":{"rendered":"https:\/\/www.sonigob.org\/home\/?p=2003"},"modified":"2025-03-10T08:10:25","modified_gmt":"2025-03-10T14:10:25","slug":"dra-edna-cortes","status":"publish","type":"post","link":"https:\/\/www.sonigob.org\/home\/dra-edna-cortes\/","title":{"rendered":"Dra. Edna Cort\u00e9s"},"content":{"rendered":"<div class=\"wp-block-image\">\n<figure class=\"alignright size-full is-resized\"><img decoding=\"async\" src=\"https:\/\/www.sonigob.org\/home\/wp-content\/uploads\/2023\/02\/dra-edna-cortez.jpg\" alt=\"\" class=\"wp-image-2134\" width=\"200\" height=\"200\" srcset=\"https:\/\/www.sonigob.org\/home\/wp-content\/uploads\/2023\/02\/dra-edna-cortez.jpg 300w, https:\/\/www.sonigob.org\/home\/wp-content\/uploads\/2023\/02\/dra-edna-cortez-150x150.jpg 150w\" sizes=\"(max-width: 200px) 100vw, 200px\" \/><\/figure>\n<\/div>\n\n\n<p><strong>Especialidad:&nbsp;<\/strong>Uroginecolog\u00eda Certificada por IUGA para Curso de Trauma Perineal<br><strong>Pa\u00eds:&nbsp;<\/strong>M\u00e9xico<\/p>\n\n\n\n<ul class=\"wp-block-list\"><li>Jefa de&nbsp;&nbsp; Servicio de Urolog\u00eda Ginecol\u00f3gica de la UMAE \u201cLuis Castelazo Ayala\u201d IMSS.<\/li><li>Fundadora del Servicio de&nbsp; Urolog\u00eda Ginecol\u00f3gica en el CMN \u201c20 de Noviembre\u201d<\/li><li>Fundadora de la Subespecialidad de Urolog\u00eda Ginecol\u00f3gica UMAE \u201c Luis Castelazo Ayala\u201d IMSS<\/li><li>Profesor Titular de la Subespecialidad UMAE \u201cLuis Castelazo Ayala\u201d IMSS. 2011-2015<\/li><li>Profesor invitado en entrenamientos para Fellows de la Sociedad Americana de Urologinecol\u00f3gica (AUGS)<\/li><li>Miembro del grupo de estudio para las Lesiones Obst\u00e9tricas del Piso P\u00e9lvico de la Sociedad Internaciona, de Uroginecolog\u00eda<\/li><li>Miembro de la Sociedad Mexicana de Urolog\u00eda Ginecol\u00f3gica, La Sociedad Americana de Uroginecolog\u00eda, La Sociedad Internacional de Continencia, La Sociedad de Urodinamia y Medicina P\u00e9lvica Femenina, La Sociedad Internacional de Uroginecolog\u00eda<\/li><\/ul>\n\n\n<div class=\"wp-block-image\">\n<figure class=\"alignleft size-full is-resized\"><a href=\"https:\/\/www.sonigob.org\/home\/category\/fecasog2023\/conferencistas\/\"><img decoding=\"async\" src=\"https:\/\/www.sonigob.org\/home\/wp-content\/uploads\/2023\/02\/regresar.jpg\" alt=\"\" class=\"wp-image-1889\" width=\"321\" height=\"57\" srcset=\"https:\/\/www.sonigob.org\/home\/wp-content\/uploads\/2023\/02\/regresar.jpg 428w, https:\/\/www.sonigob.org\/home\/wp-content\/uploads\/2023\/02\/regresar-300x53.jpg 300w\" sizes=\"(max-width: 321px) 100vw, 321px\" \/><\/a><\/figure>\n<\/div>","protected":false},"excerpt":{"rendered":"<p>Especialidad:&nbsp;Uroginecolog\u00eda Certificada por IUGA para Curso de Trauma PerinealPa\u00eds:&nbsp;M\u00e9xico Jefa de&nbsp;&nbsp; Servicio de Urolog\u00eda Ginecol\u00f3gica de la UMAE \u201cLuis Castelazo<\/p>\n<p><a href=\"https:\/\/www.sonigob.org\/home\/dra-edna-cortes\/\" class=\"more-link\">Continua&#8230;<span class=\"screen-reader-text\">Dra. Edna Cort\u00e9s<\/span><\/a><\/p>\n","protected":false},"author":2,"featured_media":2134,"comment_status":"closed","ping_status":"open","sticky":false,"template":"","format":"standard","meta":{"footnotes":""},"categories":[88],"tags":[],"class_list":["post-2003","post","type-post","status-publish","format-standard","has-post-thumbnail","hentry","category-conferencistas"],"_links":{"self":[{"href":"https:\/\/www.sonigob.org\/home\/wp-json\/wp\/v2\/posts\/2003","targetHints":{"allow":["GET"]}}],"collection":[{"href":"https:\/\/www.sonigob.org\/home\/wp-json\/wp\/v2\/posts"}],"about":[{"href":"https:\/\/www.sonigob.org\/home\/wp-json\/wp\/v2\/types\/post"}],"author":[{"embeddable":true,"href":"https:\/\/www.sonigob.org\/home\/wp-json\/wp\/v2\/users\/2"}],"replies":[{"embeddable":true,"href":"https:\/\/www.sonigob.org\/home\/wp-json\/wp\/v2\/comments?post=2003"}],"version-history":[{"count":2,"href":"https:\/\/www.sonigob.org\/home\/wp-json\/wp\/v2\/posts\/2003\/revisions"}],"predecessor-version":[{"id":2316,"href":"https:\/\/www.sonigob.org\/home\/wp-json\/wp\/v2\/posts\/2003\/revisions\/2316"}],"wp:featuredmedia":[{"embeddable":true,"href":"https:\/\/www.sonigob.org\/home\/wp-json\/wp\/v2\/media\/2134"}],"wp:attachment":[{"href":"https:\/\/www.sonigob.org\/home\/wp-json\/wp\/v2\/media?parent=2003"}],"wp:term":[{"taxonomy":"category","embeddable":true,"href":"https:\/\/www.sonigob.org\/home\/wp-json\/wp\/v2\/categories?post=2003"},{"taxonomy":"post_tag","embeddable":true,"href":"https:\/\/www.sonigob.org\/home\/wp-json\/wp\/v2\/tags?post=2003"}],"curies":[{"name":"wp","href":"https:\/\/api.w.org\/{rel}","templated":true}]}}