{"id":2001,"date":"2022-07-20T14:26:00","date_gmt":"2022-07-20T20:26:00","guid":{"rendered":"https:\/\/www.sonigob.org\/home\/?p=2001"},"modified":"2025-03-10T08:10:25","modified_gmt":"2025-03-10T14:10:25","slug":"dra-sandra-acevedo-gallegos","status":"publish","type":"post","link":"https:\/\/www.sonigob.org\/home\/dra-sandra-acevedo-gallegos\/","title":{"rendered":"Dra. Sandra Acevedo Gallegos"},"content":{"rendered":"<div class=\"wp-block-image\">\n<figure class=\"alignright size-full is-resized\"><img decoding=\"async\" src=\"https:\/\/www.sonigob.org\/home\/wp-content\/uploads\/2023\/02\/dra-sandra-acevedov2.jpg\" alt=\"\" class=\"wp-image-2282\" width=\"200\" height=\"200\" srcset=\"https:\/\/www.sonigob.org\/home\/wp-content\/uploads\/2023\/02\/dra-sandra-acevedov2.jpg 300w, https:\/\/www.sonigob.org\/home\/wp-content\/uploads\/2023\/02\/dra-sandra-acevedov2-150x150.jpg 150w\" sizes=\"(max-width: 200px) 100vw, 200px\" \/><\/figure>\n<\/div>\n\n\n<p><strong>Especialidad:&nbsp;<\/strong>Ginecolog\u00eda y Obstetricia \u2013 Medicina Materno Fetal<br><strong>Pa\u00eds:&nbsp;<\/strong>M\u00e9xico<\/p>\n\n\n\n<ul class=\"wp-block-list\"><li>Ginecolog\u00eda y Obstetricia<br>UMAE 23 IMSS Dr. Ignacio Morones Prieto MTY NL<\/li><li>Subespecialidad en medicina materno fetal<br>Inst. Nacional de Perinatolog\u00eda Isidro Espinosa de Los Reyes<\/li><li>Diplomado en gen\u00e9tica perinatal<\/li><li>Maestr\u00eda en ciencias m\u00e9dicas<\/li><li>Maestr\u00eda en educaci\u00f3n<\/li><li>Doctorado en gesti\u00f3n e intervenci\u00f3n educativa<\/li><li>Jefa del departamento de medicina materno fetal<br>Inst. Nacional De Perinatolog\u00eda Isidro Espinosa De Los Reyes<\/li><li>Prof. Titular de la especialidad de medicina materno fetal<br>Inst. Nacional de Perinatolog\u00eda Isidro Espinosa de Los Reyes<\/li><li>&nbsp;Investigador sni 1 (sistema nacional de investigadores)<\/li><\/ul>\n\n\n<div class=\"wp-block-image\">\n<figure class=\"alignleft size-full is-resized\"><a href=\"https:\/\/www.sonigob.org\/home\/category\/fecasog2023\/conferencistas\/\"><img decoding=\"async\" src=\"https:\/\/www.sonigob.org\/home\/wp-content\/uploads\/2023\/02\/regresar.jpg\" alt=\"\" class=\"wp-image-1889\" width=\"321\" height=\"57\" srcset=\"https:\/\/www.sonigob.org\/home\/wp-content\/uploads\/2023\/02\/regresar.jpg 428w, https:\/\/www.sonigob.org\/home\/wp-content\/uploads\/2023\/02\/regresar-300x53.jpg 300w\" sizes=\"(max-width: 321px) 100vw, 321px\" \/><\/a><\/figure>\n<\/div>","protected":false},"excerpt":{"rendered":"<p>Especialidad:&nbsp;Ginecolog\u00eda y Obstetricia \u2013 Medicina Materno FetalPa\u00eds:&nbsp;M\u00e9xico Ginecolog\u00eda y ObstetriciaUMAE 23 IMSS Dr. Ignacio Morones Prieto MTY NL Subespecialidad en<\/p>\n<p><a href=\"https:\/\/www.sonigob.org\/home\/dra-sandra-acevedo-gallegos\/\" class=\"more-link\">Continua&#8230;<span class=\"screen-reader-text\">Dra. Sandra Acevedo Gallegos<\/span><\/a><\/p>\n","protected":false},"author":2,"featured_media":2282,"comment_status":"closed","ping_status":"open","sticky":false,"template":"","format":"standard","meta":{"footnotes":""},"categories":[88],"tags":[],"class_list":["post-2001","post","type-post","status-publish","format-standard","has-post-thumbnail","hentry","category-conferencistas"],"_links":{"self":[{"href":"https:\/\/www.sonigob.org\/home\/wp-json\/wp\/v2\/posts\/2001","targetHints":{"allow":["GET"]}}],"collection":[{"href":"https:\/\/www.sonigob.org\/home\/wp-json\/wp\/v2\/posts"}],"about":[{"href":"https:\/\/www.sonigob.org\/home\/wp-json\/wp\/v2\/types\/post"}],"author":[{"embeddable":true,"href":"https:\/\/www.sonigob.org\/home\/wp-json\/wp\/v2\/users\/2"}],"replies":[{"embeddable":true,"href":"https:\/\/www.sonigob.org\/home\/wp-json\/wp\/v2\/comments?post=2001"}],"version-history":[{"count":2,"href":"https:\/\/www.sonigob.org\/home\/wp-json\/wp\/v2\/posts\/2001\/revisions"}],"predecessor-version":[{"id":2283,"href":"https:\/\/www.sonigob.org\/home\/wp-json\/wp\/v2\/posts\/2001\/revisions\/2283"}],"wp:featuredmedia":[{"embeddable":true,"href":"https:\/\/www.sonigob.org\/home\/wp-json\/wp\/v2\/media\/2282"}],"wp:attachment":[{"href":"https:\/\/www.sonigob.org\/home\/wp-json\/wp\/v2\/media?parent=2001"}],"wp:term":[{"taxonomy":"category","embeddable":true,"href":"https:\/\/www.sonigob.org\/home\/wp-json\/wp\/v2\/categories?post=2001"},{"taxonomy":"post_tag","embeddable":true,"href":"https:\/\/www.sonigob.org\/home\/wp-json\/wp\/v2\/tags?post=2001"}],"curies":[{"name":"wp","href":"https:\/\/api.w.org\/{rel}","templated":true}]}}