{"id":1999,"date":"2022-07-20T14:26:00","date_gmt":"2022-07-20T20:26:00","guid":{"rendered":"https:\/\/www.sonigob.org\/home\/?p=1999"},"modified":"2025-03-10T08:10:25","modified_gmt":"2025-03-10T14:10:25","slug":"dr-alberto-kably","status":"publish","type":"post","link":"https:\/\/www.sonigob.org\/home\/dr-alberto-kably\/","title":{"rendered":"Dr. Alberto Kably"},"content":{"rendered":"<div class=\"wp-block-image\">\n<figure class=\"alignright size-full is-resized\"><img decoding=\"async\" src=\"https:\/\/www.sonigob.org\/home\/wp-content\/uploads\/2023\/02\/dr-alberto-kably.jpg\" alt=\"\" class=\"wp-image-2126\" width=\"200\" height=\"200\" srcset=\"https:\/\/www.sonigob.org\/home\/wp-content\/uploads\/2023\/02\/dr-alberto-kably.jpg 300w, https:\/\/www.sonigob.org\/home\/wp-content\/uploads\/2023\/02\/dr-alberto-kably-150x150.jpg 150w\" sizes=\"(max-width: 200px) 100vw, 200px\" \/><\/figure>\n<\/div>\n\n\n<p><strong>Especialidad:&nbsp;<\/strong>Especialista en fertilidad Pionero en Reproducci\u00f3n asistida en M\u00e9xico<br><strong>Pa\u00eds:&nbsp;<\/strong>M\u00e9xico<\/p>\n\n\n<div class=\"wp-block-image\">\n<figure class=\"alignleft size-full is-resized\"><a href=\"https:\/\/www.sonigob.org\/home\/category\/fecasog2023\/conferencistas\/\"><img decoding=\"async\" src=\"https:\/\/www.sonigob.org\/home\/wp-content\/uploads\/2023\/02\/regresar.jpg\" alt=\"\" class=\"wp-image-1889\" width=\"321\" height=\"57\" srcset=\"https:\/\/www.sonigob.org\/home\/wp-content\/uploads\/2023\/02\/regresar.jpg 428w, https:\/\/www.sonigob.org\/home\/wp-content\/uploads\/2023\/02\/regresar-300x53.jpg 300w\" sizes=\"(max-width: 321px) 100vw, 321px\" \/><\/a><\/figure>\n<\/div>","protected":false},"excerpt":{"rendered":"<p>Especialidad:&nbsp;Especialista en fertilidad Pionero en Reproducci\u00f3n asistida en M\u00e9xicoPa\u00eds:&nbsp;M\u00e9xico<\/p>\n","protected":false},"author":2,"featured_media":2126,"comment_status":"closed","ping_status":"open","sticky":false,"template":"","format":"standard","meta":{"footnotes":""},"categories":[88],"tags":[],"class_list":["post-1999","post","type-post","status-publish","format-standard","has-post-thumbnail","hentry","category-conferencistas"],"_links":{"self":[{"href":"https:\/\/www.sonigob.org\/home\/wp-json\/wp\/v2\/posts\/1999","targetHints":{"allow":["GET"]}}],"collection":[{"href":"https:\/\/www.sonigob.org\/home\/wp-json\/wp\/v2\/posts"}],"about":[{"href":"https:\/\/www.sonigob.org\/home\/wp-json\/wp\/v2\/types\/post"}],"author":[{"embeddable":true,"href":"https:\/\/www.sonigob.org\/home\/wp-json\/wp\/v2\/users\/2"}],"replies":[{"embeddable":true,"href":"https:\/\/www.sonigob.org\/home\/wp-json\/wp\/v2\/comments?post=1999"}],"version-history":[{"count":1,"href":"https:\/\/www.sonigob.org\/home\/wp-json\/wp\/v2\/posts\/1999\/revisions"}],"predecessor-version":[{"id":2127,"href":"https:\/\/www.sonigob.org\/home\/wp-json\/wp\/v2\/posts\/1999\/revisions\/2127"}],"wp:featuredmedia":[{"embeddable":true,"href":"https:\/\/www.sonigob.org\/home\/wp-json\/wp\/v2\/media\/2126"}],"wp:attachment":[{"href":"https:\/\/www.sonigob.org\/home\/wp-json\/wp\/v2\/media?parent=1999"}],"wp:term":[{"taxonomy":"category","embeddable":true,"href":"https:\/\/www.sonigob.org\/home\/wp-json\/wp\/v2\/categories?post=1999"},{"taxonomy":"post_tag","embeddable":true,"href":"https:\/\/www.sonigob.org\/home\/wp-json\/wp\/v2\/tags?post=1999"}],"curies":[{"name":"wp","href":"https:\/\/api.w.org\/{rel}","templated":true}]}}