{"id":1996,"date":"2022-07-20T14:26:00","date_gmt":"2022-07-20T20:26:00","guid":{"rendered":"https:\/\/www.sonigob.org\/home\/?p=1996"},"modified":"2025-03-10T08:10:25","modified_gmt":"2025-03-10T14:10:25","slug":"dr-bremen-de-mucio","status":"publish","type":"post","link":"https:\/\/www.sonigob.org\/home\/dr-bremen-de-mucio\/","title":{"rendered":"Dr. Bremen De Mucio"},"content":{"rendered":"<div class=\"wp-block-image\">\n<figure class=\"alignright size-full is-resized\"><img decoding=\"async\" src=\"https:\/\/www.sonigob.org\/home\/wp-content\/uploads\/2023\/02\/dr-bremen-mucio.jpg\" alt=\"\" class=\"wp-image-2124\" width=\"200\" height=\"200\" srcset=\"https:\/\/www.sonigob.org\/home\/wp-content\/uploads\/2023\/02\/dr-bremen-mucio.jpg 300w, https:\/\/www.sonigob.org\/home\/wp-content\/uploads\/2023\/02\/dr-bremen-mucio-150x150.jpg 150w\" sizes=\"(max-width: 200px) 100vw, 200px\" \/><\/figure>\n<\/div>\n\n\n<p><strong>Especialidad:&nbsp;<\/strong>Gineco-obstetra\/Salubrista<br><strong>Pa\u00eds:&nbsp;<\/strong>Uruguay<\/p>\n\n\n\n<h2 class=\"wp-block-heading\">Educaci\u00f3n superior y especialidad:<\/h2>\n\n\n\n<ul class=\"wp-block-list\"><li>M\u00e9dico<\/li><li>Gineco-Obstetra<\/li><li>Master en Medicina Familiar y Comunitaria<\/li><li>Doctorado en perinatolog\u00eda<\/li><\/ul>\n\n\n\n<h2 class=\"wp-block-heading\">Experiencia laboral:<\/h2>\n\n\n\n<ul class=\"wp-block-list\"><li>Obstetricia y Ginecolog\u00eda Cl\u00ednica<\/li><li>Ex Director Materno Infantil Ministerio Salud P\u00fablica Uruguay<\/li><li>Ex Director Salud Reproductiva Ministerio Salud P\u00fablica Uruguay<\/li><li>Asesor Regional en Salud Sexual Materna OPS\/OMS<\/li><li>Ex Docente Universitario (Universidad de la Rep\u00fablica \u2013 Uruguay)<\/li><\/ul>\n\n\n\n<h2 class=\"wp-block-heading\">Asociaciones:<\/h2>\n\n\n\n<ul class=\"wp-block-list\"><li>Sociedad de Ginecologia del Uruguay (SGU)<\/li><li>Miembro de Honor SONIGOB<\/li><\/ul>\n\n\n\n<h2 class=\"wp-block-heading\">Distinciones y publicaciones:<\/h2>\n\n\n\n<ul class=\"wp-block-list\"><li>2 veces Premio Nacional de Medicina de la Academia Nacional de Medicina (Uruguay)<\/li><li>Premio al Liderazgo Excepcional OPS\/OMS<\/li><li>Publicaciones en revistas arbitradas ver ORCID:&nbsp;<a href=\"https:\/\/orcid.org\/0000-0003-0662-9742\">https:\/\/orcid.org\/0000-0003-0662-9742<\/a><\/li><\/ul>\n\n\n<div class=\"wp-block-image\">\n<figure class=\"alignleft size-full is-resized\"><a href=\"https:\/\/www.sonigob.org\/home\/category\/fecasog2023\/conferencistas\/\"><img decoding=\"async\" src=\"https:\/\/www.sonigob.org\/home\/wp-content\/uploads\/2023\/02\/regresar.jpg\" alt=\"\" class=\"wp-image-1889\" width=\"321\" height=\"57\" srcset=\"https:\/\/www.sonigob.org\/home\/wp-content\/uploads\/2023\/02\/regresar.jpg 428w, https:\/\/www.sonigob.org\/home\/wp-content\/uploads\/2023\/02\/regresar-300x53.jpg 300w\" sizes=\"(max-width: 321px) 100vw, 321px\" \/><\/a><\/figure>\n<\/div>","protected":false},"excerpt":{"rendered":"<p>Especialidad:&nbsp;Gineco-obstetra\/SalubristaPa\u00eds:&nbsp;Uruguay Educaci\u00f3n superior y especialidad: M\u00e9dico Gineco-Obstetra Master en Medicina Familiar y Comunitaria Doctorado en perinatolog\u00eda Experiencia laboral: Obstetricia y<\/p>\n<p><a href=\"https:\/\/www.sonigob.org\/home\/dr-bremen-de-mucio\/\" class=\"more-link\">Continua&#8230;<span class=\"screen-reader-text\">Dr. Bremen De Mucio<\/span><\/a><\/p>\n","protected":false},"author":2,"featured_media":2124,"comment_status":"closed","ping_status":"open","sticky":false,"template":"","format":"standard","meta":{"footnotes":""},"categories":[88],"tags":[],"class_list":["post-1996","post","type-post","status-publish","format-standard","has-post-thumbnail","hentry","category-conferencistas"],"_links":{"self":[{"href":"https:\/\/www.sonigob.org\/home\/wp-json\/wp\/v2\/posts\/1996","targetHints":{"allow":["GET"]}}],"collection":[{"href":"https:\/\/www.sonigob.org\/home\/wp-json\/wp\/v2\/posts"}],"about":[{"href":"https:\/\/www.sonigob.org\/home\/wp-json\/wp\/v2\/types\/post"}],"author":[{"embeddable":true,"href":"https:\/\/www.sonigob.org\/home\/wp-json\/wp\/v2\/users\/2"}],"replies":[{"embeddable":true,"href":"https:\/\/www.sonigob.org\/home\/wp-json\/wp\/v2\/comments?post=1996"}],"version-history":[{"count":2,"href":"https:\/\/www.sonigob.org\/home\/wp-json\/wp\/v2\/posts\/1996\/revisions"}],"predecessor-version":[{"id":2215,"href":"https:\/\/www.sonigob.org\/home\/wp-json\/wp\/v2\/posts\/1996\/revisions\/2215"}],"wp:featuredmedia":[{"embeddable":true,"href":"https:\/\/www.sonigob.org\/home\/wp-json\/wp\/v2\/media\/2124"}],"wp:attachment":[{"href":"https:\/\/www.sonigob.org\/home\/wp-json\/wp\/v2\/media?parent=1996"}],"wp:term":[{"taxonomy":"category","embeddable":true,"href":"https:\/\/www.sonigob.org\/home\/wp-json\/wp\/v2\/categories?post=1996"},{"taxonomy":"post_tag","embeddable":true,"href":"https:\/\/www.sonigob.org\/home\/wp-json\/wp\/v2\/tags?post=1996"}],"curies":[{"name":"wp","href":"https:\/\/api.w.org\/{rel}","templated":true}]}}