{"id":1994,"date":"2022-07-20T14:25:24","date_gmt":"2022-07-20T20:25:24","guid":{"rendered":"https:\/\/www.sonigob.org\/home\/?p=1994"},"modified":"2025-03-10T08:10:25","modified_gmt":"2025-03-10T14:10:25","slug":"dra-maria-fernanda-escobar","status":"publish","type":"post","link":"https:\/\/www.sonigob.org\/home\/dra-maria-fernanda-escobar\/","title":{"rendered":"Dra. Mar\u00eda Fernanda Escobar"},"content":{"rendered":"<div class=\"wp-block-image\">\n<figure class=\"alignright size-full is-resized\"><img decoding=\"async\" src=\"https:\/\/www.sonigob.org\/home\/wp-content\/uploads\/2023\/02\/dra-maria-fernanda.jpg\" alt=\"\" class=\"wp-image-2117\" width=\"200\" height=\"200\" srcset=\"https:\/\/www.sonigob.org\/home\/wp-content\/uploads\/2023\/02\/dra-maria-fernanda.jpg 300w, https:\/\/www.sonigob.org\/home\/wp-content\/uploads\/2023\/02\/dra-maria-fernanda-150x150.jpg 150w\" sizes=\"(max-width: 200px) 100vw, 200px\" \/><\/figure>\n<\/div>\n\n\n<p><strong>Especialidad:&nbsp;<\/strong>Cuidados Intensivos Obst\u00e9tricos<br><strong>Pa\u00eds:&nbsp;<\/strong>Colombia<\/p>\n\n\n\n<h2 class=\"wp-block-heading\">Educaci\u00f3n<\/h2>\n\n\n\n<p><strong>Estudios de Pregrado<\/strong><\/p>\n\n\n\n<ul class=\"wp-block-list\"><li>1991-1998 Medico y cirujano Universidad del Valle, Cali \u2013 Colombia. Estudios de postgrado<\/li><li>2000-2004 Especialista en Ginecolog\u00eda y Obstetricia Universidad del Valle, Cali \u2013 Colombia<\/li><li>2005-2007 Maestr\u00eda en Epidemiologia Cl\u00ednica Universidad de La Frontera, Temuco \u2013 Chile<\/li><li>2007-2009 Especialista Medicina Critica y Cuidado Intensivo Universidad del Valle, Cali \u2013 Colombia<\/li><li>2008-2009 Critical Care Medicine Observer Fellow University of Pittsburgh, Pittsburgh, U.S.A<\/li><li>2021 \u2013 Maestr\u00eda en Gerencia para la Innovaci\u00f3n Social Universidad ICESI \u2013 Colombia<\/li><\/ul>\n\n\n\n<h2 class=\"wp-block-heading\">Experiencia laboral<\/h2>\n\n\n\n<p><strong>Experiencia laboral acad\u00e9mica<\/strong><\/p>\n\n\n\n<ul class=\"wp-block-list\"><li>2002-2004 Jefe de Residentes Depto. de Ginecolog\u00eda y Obstetricia, Universidad del Valle, Cali \u2013 Colombia<\/li><li>2006-2008 Profesor Ad-Honorem Depto. de Ginecolog\u00eda y Obstetricia, Universidad del Valle, Cali \u2013 Colombia<\/li><li>2006-2008 Profesor Ad-Honorem Depto. de Ginecolog\u00eda y Obstetricia, Universidad CES, Medell\u00edn- Colombia<\/li><li>2010- Profesora Depto. de Ginecolog\u00eda y Obstetricia, Universidad ICESI, Cali- Colombia<\/li><li>2015-2019 Jefe del Departamento Depto. de Ginecolog\u00eda y Obstetricia, Universidad ICESI, Cali- Colombia<\/li><\/ul>\n\n\n\n<p><strong>Experiencia laboral acad\u00e9mica<\/strong><\/p>\n\n\n\n<ul class=\"wp-block-list\"><li>1998-1999 Medico Rural Secretaria Salud Municipal, Cali \u2013 Colombia<\/li><li>1999-2000 M\u00e9dica General UCI Pedi\u00e1trica, Fundaci\u00f3n Valle del Lili, Cali \u2013 Colombia<\/li><li>2004 -2007 Ginec\u00f3loga y obstetra Depto. Ginecolog\u00eda y Obstetricia, Hospital Universitario del Valle,Cali-Colombia<\/li><li>2004- Ginec\u00f3loga Servicio de Ginecolog\u00eda y Obstetricia, Fundaci\u00f3n Valle del Lili, Cali \u2013 Colombia<\/li><li>2004- 2018 Coordinador Comit\u00e9 de Vigilancia Epidemiol\u00f3gica, Fundaci\u00f3n Valle del Lili, Cali \u2013 Colombia<\/li><li>2009 -2019 Jefe de servicio Unidad de Alta Complejidad Obst\u00e9trica, Fundaci\u00f3n Valle del Lili<\/li><li>2015-2019 Jefe del Servicio Servicio de Ginecolog\u00eda y Obstetricia,Fundaci\u00f3n Valle del Lili, Cali \u2013 Colombia<\/li><li>2018- Jefe del Servicio Servicio de Telemedicina, Fundaci\u00f3n Valle del Lili, Cali \u2013 Colombia<\/li><\/ul>\n\n\n\n<h2 class=\"wp-block-heading\">Sociedades profesionales<\/h2>\n\n\n\n<ul class=\"wp-block-list\"><li>Presidente Asociaci\u00f3n Nacional de Internos y Residentes, Seccional Valle,<\/li><li>Vocal de Junta Directiva de Sociedad Vallecaucana de Ginecolog\u00eda y Obstetricia, 2007<\/li><li>Coordinadora de la Secci\u00f3n de Cuidado Critico Obst\u00e9trico de la Asociaci\u00f3n Colombiana de Medicina Critica y Cuidado Intensivo, 2011 \u2013<\/li><li>Vicepresidente de la Junta Directiva de Sociedad Vallecaucana de Ginecolog\u00eda y Obstetricia, 2014-2016<\/li><li>Coordinadora del Comit\u00e9 de Mortalidad Materna de la Federaci\u00f3n Colombiana de Sociedades de Ginecolog\u00eda y Obstetricia, 2014 \u2013<\/li><li>Miembro del Comit\u00e9 para la reducci\u00f3n de Mortalidad Materna y Perinatal, Federaci\u00f3n Latinoamericana de Sociedades de Ginecolog\u00eda y Obstetricia, 2014 -2016<\/li><li>Representante por Am\u00e9rica Latina al Committee for Safe Motherhood and Newborn Health de la Federaci\u00f3n Internacional de Ginecolog\u00eda y Obst\u00e9trica (FIGO), 2014 en adelante<\/li><\/ul>\n\n\n<div class=\"wp-block-image\">\n<figure class=\"alignleft size-full is-resized\"><a href=\"https:\/\/www.sonigob.org\/home\/category\/fecasog2023\/conferencistas\/\"><img decoding=\"async\" src=\"https:\/\/www.sonigob.org\/home\/wp-content\/uploads\/2023\/02\/regresar.jpg\" alt=\"\" class=\"wp-image-1889\" width=\"321\" height=\"57\" srcset=\"https:\/\/www.sonigob.org\/home\/wp-content\/uploads\/2023\/02\/regresar.jpg 428w, https:\/\/www.sonigob.org\/home\/wp-content\/uploads\/2023\/02\/regresar-300x53.jpg 300w\" sizes=\"(max-width: 321px) 100vw, 321px\" \/><\/a><\/figure>\n<\/div>","protected":false},"excerpt":{"rendered":"<p>Especialidad:&nbsp;Cuidados Intensivos Obst\u00e9tricosPa\u00eds:&nbsp;Colombia Educaci\u00f3n Estudios de Pregrado 1991-1998 Medico y cirujano Universidad del Valle, Cali \u2013 Colombia. Estudios de postgrado<\/p>\n<p><a href=\"https:\/\/www.sonigob.org\/home\/dra-maria-fernanda-escobar\/\" class=\"more-link\">Continua&#8230;<span class=\"screen-reader-text\">Dra. Mar\u00eda Fernanda Escobar<\/span><\/a><\/p>\n","protected":false},"author":2,"featured_media":2117,"comment_status":"closed","ping_status":"open","sticky":false,"template":"","format":"standard","meta":{"footnotes":""},"categories":[88],"tags":[],"class_list":["post-1994","post","type-post","status-publish","format-standard","has-post-thumbnail","hentry","category-conferencistas"],"_links":{"self":[{"href":"https:\/\/www.sonigob.org\/home\/wp-json\/wp\/v2\/posts\/1994","targetHints":{"allow":["GET"]}}],"collection":[{"href":"https:\/\/www.sonigob.org\/home\/wp-json\/wp\/v2\/posts"}],"about":[{"href":"https:\/\/www.sonigob.org\/home\/wp-json\/wp\/v2\/types\/post"}],"author":[{"embeddable":true,"href":"https:\/\/www.sonigob.org\/home\/wp-json\/wp\/v2\/users\/2"}],"replies":[{"embeddable":true,"href":"https:\/\/www.sonigob.org\/home\/wp-json\/wp\/v2\/comments?post=1994"}],"version-history":[{"count":2,"href":"https:\/\/www.sonigob.org\/home\/wp-json\/wp\/v2\/posts\/1994\/revisions"}],"predecessor-version":[{"id":2277,"href":"https:\/\/www.sonigob.org\/home\/wp-json\/wp\/v2\/posts\/1994\/revisions\/2277"}],"wp:featuredmedia":[{"embeddable":true,"href":"https:\/\/www.sonigob.org\/home\/wp-json\/wp\/v2\/media\/2117"}],"wp:attachment":[{"href":"https:\/\/www.sonigob.org\/home\/wp-json\/wp\/v2\/media?parent=1994"}],"wp:term":[{"taxonomy":"category","embeddable":true,"href":"https:\/\/www.sonigob.org\/home\/wp-json\/wp\/v2\/categories?post=1994"},{"taxonomy":"post_tag","embeddable":true,"href":"https:\/\/www.sonigob.org\/home\/wp-json\/wp\/v2\/tags?post=1994"}],"curies":[{"name":"wp","href":"https:\/\/api.w.org\/{rel}","templated":true}]}}