{"id":1957,"date":"2022-07-20T13:59:00","date_gmt":"2022-07-20T19:59:00","guid":{"rendered":"https:\/\/www.sonigob.org\/home\/?p=1957"},"modified":"2025-03-10T08:11:39","modified_gmt":"2025-03-10T14:11:39","slug":"dr-christian-mauriel-uriarte-hernandez","status":"publish","type":"post","link":"https:\/\/www.sonigob.org\/home\/dr-christian-mauriel-uriarte-hernandez\/","title":{"rendered":"Dr. Christian Mauriel Uriarte Hern\u00e1ndez"},"content":{"rendered":"<div class=\"wp-block-image\">\n<figure class=\"alignright size-full is-resized\"><img decoding=\"async\" src=\"https:\/\/www.sonigob.org\/home\/wp-content\/uploads\/2023\/02\/dr-christian-mauriel.jpg\" alt=\"\" class=\"wp-image-2040\" width=\"200\" height=\"200\" srcset=\"https:\/\/www.sonigob.org\/home\/wp-content\/uploads\/2023\/02\/dr-christian-mauriel.jpg 300w, https:\/\/www.sonigob.org\/home\/wp-content\/uploads\/2023\/02\/dr-christian-mauriel-150x150.jpg 150w\" sizes=\"(max-width: 200px) 100vw, 200px\" \/><\/figure>\n<\/div>\n\n\n<p><strong>Especialidad:&nbsp;<\/strong>Medico y cirujano general. Especialista en Medicina Interna. Sub especialista en reumatolog\u00eda<strong><br>Pa\u00eds:<\/strong>&nbsp;Nicaragua<\/p>\n\n\n\n<h2 class=\"wp-block-heading\">Formaci\u00f3n Acad\u00e9mica:<\/h2>\n\n\n\n<ul class=\"wp-block-list\"><li>Medicina y cirug\u00eda &nbsp;general. Universidad Nacional Aut\u00f3noma de Nicaragua (UNAN-Managua).<\/li><li>Medicina interna. Universidad Nacional Aut\u00f3noma de Nicaragua (UNAN-Managua).<\/li><li>Reumatolog\u00eda. Instituto Nacional de Ciencias M\u00e9dicas y Nutrici\u00f3n Salvador Zubir\u00e1n, M\u00e9xico. UNAM-Mexico.<\/li><\/ul>\n\n\n\n<h2 class=\"wp-block-heading\">Experiencia Profesional:<\/h2>\n\n\n\n<ul class=\"wp-block-list\"><li>Medico internista en Hospital Solidaridad de Managua Nicaragua y Hospital Roberto Calder\u00f3n, Nicaragua. 2008-2012.<\/li><li>Residencia reumatolog\u00eda. INNCMSZ 2012-2014.<\/li><li>Reumat\u00f3logo-Hospital Vivian Pellas 2014 hasta la fecha.<\/li><li>Director de Investigaci\u00f3n y Docencia en Hospital Vivian Pellas 2016-2018.<\/li><li>Actual Presidente de Asociaci\u00f3n Nicarag\u00fcense de Reumatolog\u00eda.<\/li><\/ul>\n\n\n<div class=\"wp-block-image\">\n<figure class=\"alignleft size-full is-resized\"><a href=\"https:\/\/www.sonigob.org\/home\/category\/fecasog2023\/conferencistas\/\"><img decoding=\"async\" src=\"https:\/\/www.sonigob.org\/home\/wp-content\/uploads\/2023\/02\/regresar.jpg\" alt=\"\" class=\"wp-image-1889\" width=\"321\" height=\"57\" srcset=\"https:\/\/www.sonigob.org\/home\/wp-content\/uploads\/2023\/02\/regresar.jpg 428w, https:\/\/www.sonigob.org\/home\/wp-content\/uploads\/2023\/02\/regresar-300x53.jpg 300w\" sizes=\"(max-width: 321px) 100vw, 321px\" \/><\/a><\/figure>\n<\/div>","protected":false},"excerpt":{"rendered":"<p>Especialidad:&nbsp;Medico y cirujano general. Especialista en Medicina Interna. Sub especialista en reumatolog\u00edaPa\u00eds:&nbsp;Nicaragua Formaci\u00f3n Acad\u00e9mica: Medicina y cirug\u00eda &nbsp;general. Universidad Nacional<\/p>\n<p><a href=\"https:\/\/www.sonigob.org\/home\/dr-christian-mauriel-uriarte-hernandez\/\" class=\"more-link\">Continua&#8230;<span class=\"screen-reader-text\">Dr. Christian Mauriel Uriarte Hern\u00e1ndez<\/span><\/a><\/p>\n","protected":false},"author":2,"featured_media":2040,"comment_status":"closed","ping_status":"open","sticky":false,"template":"","format":"standard","meta":{"footnotes":""},"categories":[88],"tags":[],"class_list":["post-1957","post","type-post","status-publish","format-standard","has-post-thumbnail","hentry","category-conferencistas"],"_links":{"self":[{"href":"https:\/\/www.sonigob.org\/home\/wp-json\/wp\/v2\/posts\/1957","targetHints":{"allow":["GET"]}}],"collection":[{"href":"https:\/\/www.sonigob.org\/home\/wp-json\/wp\/v2\/posts"}],"about":[{"href":"https:\/\/www.sonigob.org\/home\/wp-json\/wp\/v2\/types\/post"}],"author":[{"embeddable":true,"href":"https:\/\/www.sonigob.org\/home\/wp-json\/wp\/v2\/users\/2"}],"replies":[{"embeddable":true,"href":"https:\/\/www.sonigob.org\/home\/wp-json\/wp\/v2\/comments?post=1957"}],"version-history":[{"count":1,"href":"https:\/\/www.sonigob.org\/home\/wp-json\/wp\/v2\/posts\/1957\/revisions"}],"predecessor-version":[{"id":2041,"href":"https:\/\/www.sonigob.org\/home\/wp-json\/wp\/v2\/posts\/1957\/revisions\/2041"}],"wp:featuredmedia":[{"embeddable":true,"href":"https:\/\/www.sonigob.org\/home\/wp-json\/wp\/v2\/media\/2040"}],"wp:attachment":[{"href":"https:\/\/www.sonigob.org\/home\/wp-json\/wp\/v2\/media?parent=1957"}],"wp:term":[{"taxonomy":"category","embeddable":true,"href":"https:\/\/www.sonigob.org\/home\/wp-json\/wp\/v2\/categories?post=1957"},{"taxonomy":"post_tag","embeddable":true,"href":"https:\/\/www.sonigob.org\/home\/wp-json\/wp\/v2\/tags?post=1957"}],"curies":[{"name":"wp","href":"https:\/\/api.w.org\/{rel}","templated":true}]}}