{"id":1867,"date":"2023-01-30T16:37:45","date_gmt":"2023-01-30T22:37:45","guid":{"rendered":"https:\/\/www.sonigob.org\/home\/?p=1867"},"modified":"2025-03-10T08:10:23","modified_gmt":"2025-03-10T14:10:23","slug":"1er-encuentro-centroamericano-de-residentes","status":"publish","type":"post","link":"https:\/\/www.sonigob.org\/home\/1er-encuentro-centroamericano-de-residentes\/","title":{"rendered":"1er Encuentro Centroamericano de Residentes"},"content":{"rendered":"\n<p>\u00a1Tenemos grandes noticias para los Residentes!<\/p>\n\n\n\n<p>Todos los residentes inscritos en el XXXIII Congreso FECASOG 2023 podr\u00e1n participar en el 1er Encuentro Centroamericano de Residentes, el cu\u00e1l se est\u00e1 organizando con la colaboraci\u00f3n de ACOG.<\/p>\n\n\n<div class=\"wp-block-image\">\n<figure class=\"aligncenter size-full\"><img decoding=\"async\" width=\"700\" height=\"990\" src=\"http:\/\/www.sonigob.org\/home\/wp-content\/uploads\/2023\/01\/afiche-1er-encuentro-res.jpg\" alt=\"\" class=\"wp-image-1866\" srcset=\"https:\/\/www.sonigob.org\/home\/wp-content\/uploads\/2023\/01\/afiche-1er-encuentro-res.jpg 700w, https:\/\/www.sonigob.org\/home\/wp-content\/uploads\/2023\/01\/afiche-1er-encuentro-res-212x300.jpg 212w\" sizes=\"(max-width: 700px) 100vw, 700px\" \/><\/figure>\n<\/div>","protected":false},"excerpt":{"rendered":"<p>\u00a1Tenemos grandes noticias para los Residentes! Todos los residentes inscritos en el XXXIII Congreso FECASOG 2023 podr\u00e1n participar en el<\/p>\n<p><a href=\"https:\/\/www.sonigob.org\/home\/1er-encuentro-centroamericano-de-residentes\/\" class=\"more-link\">Continua&#8230;<span class=\"screen-reader-text\">1er Encuentro Centroamericano de Residentes<\/span><\/a><\/p>\n","protected":false},"author":2,"featured_media":1868,"comment_status":"closed","ping_status":"open","sticky":false,"template":"","format":"standard","meta":{"footnotes":""},"categories":[9],"tags":[],"class_list":["post-1867","post","type-post","status-publish","format-standard","has-post-thumbnail","hentry","category-noticias"],"_links":{"self":[{"href":"https:\/\/www.sonigob.org\/home\/wp-json\/wp\/v2\/posts\/1867","targetHints":{"allow":["GET"]}}],"collection":[{"href":"https:\/\/www.sonigob.org\/home\/wp-json\/wp\/v2\/posts"}],"about":[{"href":"https:\/\/www.sonigob.org\/home\/wp-json\/wp\/v2\/types\/post"}],"author":[{"embeddable":true,"href":"https:\/\/www.sonigob.org\/home\/wp-json\/wp\/v2\/users\/2"}],"replies":[{"embeddable":true,"href":"https:\/\/www.sonigob.org\/home\/wp-json\/wp\/v2\/comments?post=1867"}],"version-history":[{"count":1,"href":"https:\/\/www.sonigob.org\/home\/wp-json\/wp\/v2\/posts\/1867\/revisions"}],"predecessor-version":[{"id":1869,"href":"https:\/\/www.sonigob.org\/home\/wp-json\/wp\/v2\/posts\/1867\/revisions\/1869"}],"wp:featuredmedia":[{"embeddable":true,"href":"https:\/\/www.sonigob.org\/home\/wp-json\/wp\/v2\/media\/1868"}],"wp:attachment":[{"href":"https:\/\/www.sonigob.org\/home\/wp-json\/wp\/v2\/media?parent=1867"}],"wp:term":[{"taxonomy":"category","embeddable":true,"href":"https:\/\/www.sonigob.org\/home\/wp-json\/wp\/v2\/categories?post=1867"},{"taxonomy":"post_tag","embeddable":true,"href":"https:\/\/www.sonigob.org\/home\/wp-json\/wp\/v2\/tags?post=1867"}],"curies":[{"name":"wp","href":"https:\/\/api.w.org\/{rel}","templated":true}]}}